{"id":1119,"date":"2015-11-19T08:37:44","date_gmt":"2015-11-19T08:37:44","guid":{"rendered":"http:\/\/osnovnaskolakrk.hr\/vrh\/?p=1119"},"modified":"2015-11-22T21:41:35","modified_gmt":"2015-11-22T21:41:35","slug":"dan-sjecanja-na-zrtvu-vukovara-1991-godine","status":"publish","type":"post","link":"http:\/\/osnovnaskolakrk.hr\/vrh\/?p=1119","title":{"rendered":"Dan sje\u0107anja na \u017ertvu Vukovara 1991. godine"},"content":{"rendered":"<ol start=\"18\">\n<li><strong> studenoga- Dan sje\u0107anja na \u017ertvu Vukovara 1991. godine<\/strong><\/li>\n<\/ol>\n<p><a href=\"http:\/\/osnovnaskolakrk.hr\/vrh\/wp-content\/uploads\/DSCN4448.jpg\"><img loading=\"lazy\" class=\"size-thumbnail wp-image-1122 alignleft\" src=\"http:\/\/osnovnaskolakrk.hr\/vrh\/wp-content\/uploads\/DSCN4448-150x150.jpg\" alt=\"DSCN4448\" width=\"150\" height=\"150\" srcset=\"http:\/\/osnovnaskolakrk.hr\/vrh\/wp-content\/uploads\/DSCN4448-150x150.jpg 150w, http:\/\/osnovnaskolakrk.hr\/vrh\/wp-content\/uploads\/DSCN4448-50x50.jpg 50w\" sizes=\"(max-width: 150px) 100vw, 150px\" \/><\/a>To\u010dno prije 24 godine na dana\u0161nji dan zavr\u0161ila je jedna od najstra\u0161nijih bitaka u Domovinskom ratu- <em>Bitka za Vukovar<\/em>. Nakon tromjese\u010dne herojske obrane branitelji Vukovara polo\u017eili su oru\u017eje. Podsjetimo, bitka za Vukovar po\u010dela je 24. kolovoza 1991. godine napadom biv\u0161e JNA i raznih srpskih dobrovolja\u010dkih paravojnih snaga na grad. Suo\u010deni s daleko nadmo\u0107nijom vojnom silom branitelji grada nisu popu\u0161tali bore\u0107i se za svaku ulicu, za svaku ku\u0107u. Ipak, bez prave pomo\u0107i kako u ljudstvu tako i u oru\u017eju obrana je popustila i branitelji su 18. studenoga bili prisiljeni obustaviti daljnju borbu.<\/p>\n<p>Okupatorske snage u\u0161le su u Vukovar i po\u010dele protjerivati Vukovarce. Samo iz vukovarske bolnice odvele su i zato\u010dile 261 ranjenog branitelja, civila i bolni\u010dkog djelatnika.<\/p>\n<p>U tromjese\u010dnom razdoblju napada na Vukovar poginulo je oko 1850 branitelja, oko 1600 civila od \u010dega 86 djece. Ranjeno je 2500 osoba od \u010dega su 570 ostali trajni invalidi. Bez jednog ili oba roditelja ostalo je 858 djece.<\/p>\n<p><a href=\"http:\/\/osnovnaskolakrk.hr\/vrh\/wp-content\/uploads\/DSCN4440.jpg\"><img loading=\"lazy\" class=\"size-thumbnail wp-image-1124 alignright\" src=\"http:\/\/osnovnaskolakrk.hr\/vrh\/wp-content\/uploads\/DSCN4440-150x150.jpg\" alt=\"DSCN4440\" width=\"150\" height=\"150\" srcset=\"http:\/\/osnovnaskolakrk.hr\/vrh\/wp-content\/uploads\/DSCN4440-150x150.jpg 150w, http:\/\/osnovnaskolakrk.hr\/vrh\/wp-content\/uploads\/DSCN4440-50x50.jpg 50w\" sizes=\"(max-width: 150px) 100vw, 150px\" \/><\/a>U spomen na \u017ertve Vukovara Hrvatski sabor donio je 29. listopada 1999. godine Odluku o progla\u0161enju <strong>Dana sje\u0107anja na \u017ertvu Vukovara 1991. godine<\/strong>, kako bi se dostojanstveno i primjereno odala po\u010dast svim sudionicima obrane Vukovara.<\/p>\n<p><a href=\"http:\/\/osnovnaskolakrk.hr\/vrh\/wp-content\/uploads\/DSCN4447.jpg\"><img loading=\"lazy\" class=\"size-thumbnail wp-image-1120 alignleft\" src=\"http:\/\/osnovnaskolakrk.hr\/vrh\/wp-content\/uploads\/DSCN4447-150x150.jpg\" alt=\"DSCN4447\" width=\"150\" height=\"150\" srcset=\"http:\/\/osnovnaskolakrk.hr\/vrh\/wp-content\/uploads\/DSCN4447-150x150.jpg 150w, http:\/\/osnovnaskolakrk.hr\/vrh\/wp-content\/uploads\/DSCN4447-50x50.jpg 50w\" sizes=\"(max-width: 150px) 100vw, 150px\" \/><\/a>Ove se godine i na\u0161a \u0161kola uklju\u010dila u obilje\u017eavanje vukovarske \u017ertve, jedne od najve\u0107ih tragedija u novijoj hrvatskoj povijesti. Zajedno s u\u010diteljem povijesti Tvrtkom Bo\u017ei\u0107em predstavnici svih razreda (Ana Vnuk, 1. razred; Nika Depikolozvane, 2. razred; Ivan Bogovi\u0107, 3. razred; Emanuel Mrakov\u010di\u0107, 4. razred; Dana \u017du\u017ei\u0107, 5. razred; Toni Bogovi\u0107, 6. razred; Lovro Peri\u010di\u0107, 7. razred i Martina Kosi\u0107, 8. razred) zapalili su svije\u0107e kod sredi\u0161njeg kri\u017ea na groblju u Kosi\u0107ima i u svoje osobno kao i u ime svih u\u010denika i djelatnika na\u0161e \u0161kole odali po\u010dast ne samo vukovarskim \u017ertvama, nego i \u017ertvama \u0160kabrnje, Slavonskog Broda, Osijeka, Vinkovaca, Dubrovnika i svih stradalih hrvatskih gradova i sela u Domovinskom ratu.<\/p>\n<p>Nekoliko likovnih radova:<\/p>\n<p>[huge_it_gallery id=&#8221;19&#8243;]<\/p>\n<p>&nbsp;<\/p>\n<blockquote class=\"imgur-embed-pub\" lang=\"en\" data-id=\"a\/fKSLp\"><p><a href=\"http:\/\/imgur.com\/a\/fKSLp\">Dan sje\u0107anja na Vukovar<\/a><\/p><\/blockquote>\n<p><script async src=\"\/\/s.imgur.com\/min\/embed.js\" charset=\"utf-8\"><\/script><\/p>\n","protected":false},"excerpt":{"rendered":"<p>studenoga- Dan sje\u0107anja na \u017ertvu Vukovara 1991. godine To\u010dno prije 24 godine na dana\u0161nji dan zavr\u0161ila je jedna od najstra\u0161nijih bitaka u Domovinskom ratu- Bitka za Vukovar. Nakon tromjese\u010dne herojske obrane branitelji Vukovara polo\u017eili su oru\u017eje. Podsjetimo, bitka za Vukovar po\u010dela je 24. kolovoza 1991. godine napadom biv\u0161e JNA i raznih srpskih dobrovolja\u010dkih paravojnih snaga [&hellip;]<\/p>\n","protected":false},"author":1,"featured_media":0,"comment_status":"open","ping_status":"open","sticky":false,"template":"","format":"standard","meta":[],"categories":[1],"tags":[],"_links":{"self":[{"href":"http:\/\/osnovnaskolakrk.hr\/vrh\/index.php?rest_route=\/wp\/v2\/posts\/1119"}],"collection":[{"href":"http:\/\/osnovnaskolakrk.hr\/vrh\/index.php?rest_route=\/wp\/v2\/posts"}],"about":[{"href":"http:\/\/osnovnaskolakrk.hr\/vrh\/index.php?rest_route=\/wp\/v2\/types\/post"}],"author":[{"embeddable":true,"href":"http:\/\/osnovnaskolakrk.hr\/vrh\/index.php?rest_route=\/wp\/v2\/users\/1"}],"replies":[{"embeddable":true,"href":"http:\/\/osnovnaskolakrk.hr\/vrh\/index.php?rest_route=%2Fwp%2Fv2%2Fcomments&post=1119"}],"version-history":[{"count":4,"href":"http:\/\/osnovnaskolakrk.hr\/vrh\/index.php?rest_route=\/wp\/v2\/posts\/1119\/revisions"}],"predecessor-version":[{"id":1135,"href":"http:\/\/osnovnaskolakrk.hr\/vrh\/index.php?rest_route=\/wp\/v2\/posts\/1119\/revisions\/1135"}],"wp:attachment":[{"href":"http:\/\/osnovnaskolakrk.hr\/vrh\/index.php?rest_route=%2Fwp%2Fv2%2Fmedia&parent=1119"}],"wp:term":[{"taxonomy":"category","embeddable":true,"href":"http:\/\/osnovnaskolakrk.hr\/vrh\/index.php?rest_route=%2Fwp%2Fv2%2Fcategories&post=1119"},{"taxonomy":"post_tag","embeddable":true,"href":"http:\/\/osnovnaskolakrk.hr\/vrh\/index.php?rest_route=%2Fwp%2Fv2%2Ftags&post=1119"}],"curies":[{"name":"wp","href":"https:\/\/api.w.org\/{rel}","templated":true}]}}