{"id":1137,"date":"2015-12-07T08:50:57","date_gmt":"2015-12-07T08:50:57","guid":{"rendered":"http:\/\/osnovnaskolakrk.hr\/vrh\/?p=1137"},"modified":"2015-12-07T08:51:59","modified_gmt":"2015-12-07T08:51:59","slug":"posjet-ivane-brlic-mazuranic-ps-vrhu","status":"publish","type":"post","link":"http:\/\/osnovnaskolakrk.hr\/vrh\/?p=1137","title":{"rendered":"Posjet Ivane Brli\u0107 &#8211; Ma\u017eurani\u0107 P\u0160 Vrhu"},"content":{"rendered":"<p><a href=\"http:\/\/osnovnaskolakrk.hr\/vrh\/wp-content\/uploads\/437.jpg\"><img loading=\"lazy\" class=\"size-thumbnail wp-image-1138 alignleft\" src=\"http:\/\/osnovnaskolakrk.hr\/vrh\/wp-content\/uploads\/437-150x150.jpg\" alt=\"437\" width=\"150\" height=\"150\" srcset=\"http:\/\/osnovnaskolakrk.hr\/vrh\/wp-content\/uploads\/437-150x150.jpg 150w, http:\/\/osnovnaskolakrk.hr\/vrh\/wp-content\/uploads\/437-50x50.jpg 50w\" sizes=\"(max-width: 150px) 100vw, 150px\" \/><\/a>S obzirom na upoznavanje u\u010denika\u00a0 4. razreda sa stvarala\u0161tvom Ivane Brli\u0107 \u2013 Ma\u017eurani\u0107, njihova u\u010diteljica Danijela Kosi\u0107 \u2013 \u017du\u017ei\u0107 odlu\u010dila je u\u010denicima predstaviti njezin lik na jedinstven na\u010din.<\/p>\n<p>Naime, kreativna u\u010diteljica dosjetila se da bi lik Ivane Brli\u0107 &#8211; Ma\u017eurani\u0107 barem na jedan dan mogao ponovno o\u017eivjeti i prikazati se u\u010denicima, te ih na taj na\u010din motivirati za daljnje upoznavanje s njezinim djelima. U\u010diteljica je zamolila knji\u017eni\u010darku da glumi spisateljicu Ivanu Brli\u0107 &#8211; Ma\u017eurani\u0107 i \u00a0u\u010denicima pribli\u017ei njezin osebujan lik i zanimljiv \u017eivot.<\/p>\n<p>Na taj na\u010din u\u010denici su saznali \u00a0mnoge zanimljive detalje iz \u017eivota slavne spisateljice poput njezine posve\u0107enosti\u00a0 brojnoj djeci i mu\u017eu; njezinog \u017eivota u Slavonskom Brodu; te njezine tragi\u010dne smrti. U\u010denici su tako\u0111er nau\u010dili o brojnim kulturnim ustanovama i spomenicima, koji su nastali spisateljici u \u010dast nakon njezine smrti. U\u010denici su zasigurno spremni za posjet Ogulinu u kojem \u0107e vidjeti slavnu \u201eIvaninu ku\u0107u bajke\u201c nastalu upravo na\u0161oj spisateljici u spomen.<\/p>\n<p>Zadovoljno mo\u017eemo zaklju\u010diti da su u\u010denici pozorno pratili predstavljanje \u017eivota Ivane Brli\u0107 \u2013 Ma\u017eurani\u0107, te da su na ovaj kreativni na\u010din zapamtili mnoge pojedinosti iz njezinog \u017eivota.<\/p>\n<blockquote class=\"imgur-embed-pub\" lang=\"en\" data-id=\"a\/qbB0i\"><p><a href=\"http:\/\/imgur.com\/a\/qbB0i\">I.B.Ma\u017eurani\u0107<\/a><\/p><\/blockquote>\n<p><script async src=\"\/\/s.imgur.com\/min\/embed.js\" charset=\"utf-8\"><\/script><\/p>\n","protected":false},"excerpt":{"rendered":"<p>S obzirom na upoznavanje u\u010denika\u00a0 4. razreda sa stvarala\u0161tvom Ivane Brli\u0107 \u2013 Ma\u017eurani\u0107, njihova u\u010diteljica Danijela Kosi\u0107 \u2013 \u017du\u017ei\u0107 odlu\u010dila je u\u010denicima predstaviti njezin lik na jedinstven na\u010din. Naime, kreativna u\u010diteljica dosjetila se da bi lik Ivane Brli\u0107 &#8211; Ma\u017eurani\u0107 barem na jedan dan mogao ponovno o\u017eivjeti i prikazati se u\u010denicima, te ih na taj [&hellip;]<\/p>\n","protected":false},"author":1,"featured_media":0,"comment_status":"open","ping_status":"open","sticky":false,"template":"","format":"standard","meta":[],"categories":[1],"tags":[],"_links":{"self":[{"href":"http:\/\/osnovnaskolakrk.hr\/vrh\/index.php?rest_route=\/wp\/v2\/posts\/1137"}],"collection":[{"href":"http:\/\/osnovnaskolakrk.hr\/vrh\/index.php?rest_route=\/wp\/v2\/posts"}],"about":[{"href":"http:\/\/osnovnaskolakrk.hr\/vrh\/index.php?rest_route=\/wp\/v2\/types\/post"}],"author":[{"embeddable":true,"href":"http:\/\/osnovnaskolakrk.hr\/vrh\/index.php?rest_route=\/wp\/v2\/users\/1"}],"replies":[{"embeddable":true,"href":"http:\/\/osnovnaskolakrk.hr\/vrh\/index.php?rest_route=%2Fwp%2Fv2%2Fcomments&post=1137"}],"version-history":[{"count":2,"href":"http:\/\/osnovnaskolakrk.hr\/vrh\/index.php?rest_route=\/wp\/v2\/posts\/1137\/revisions"}],"predecessor-version":[{"id":1141,"href":"http:\/\/osnovnaskolakrk.hr\/vrh\/index.php?rest_route=\/wp\/v2\/posts\/1137\/revisions\/1141"}],"wp:attachment":[{"href":"http:\/\/osnovnaskolakrk.hr\/vrh\/index.php?rest_route=%2Fwp%2Fv2%2Fmedia&parent=1137"}],"wp:term":[{"taxonomy":"category","embeddable":true,"href":"http:\/\/osnovnaskolakrk.hr\/vrh\/index.php?rest_route=%2Fwp%2Fv2%2Fcategories&post=1137"},{"taxonomy":"post_tag","embeddable":true,"href":"http:\/\/osnovnaskolakrk.hr\/vrh\/index.php?rest_route=%2Fwp%2Fv2%2Ftags&post=1137"}],"curies":[{"name":"wp","href":"https:\/\/api.w.org\/{rel}","templated":true}]}}