{"id":1142,"date":"2015-12-11T09:00:16","date_gmt":"2015-12-11T09:00:16","guid":{"rendered":"http:\/\/osnovnaskolakrk.hr\/vrh\/?p=1142"},"modified":"2015-12-11T09:00:16","modified_gmt":"2015-12-11T09:00:16","slug":"ni-ove-godine-nas-nije-zaboravio","status":"publish","type":"post","link":"http:\/\/osnovnaskolakrk.hr\/vrh\/?p=1142","title":{"rendered":"Ni ove godine nas nije zaboravio"},"content":{"rendered":"<p>Sveti je Nikola \u00a0na\u0161u \u0160kolu posjetio u ponedjeljak, 7. prosinca. Prigodnim programom pozdravili su ga 3. i 4. razred.<\/p>\n<p>Onih koji bi mu se najvi\u0161e veselili, 1. i 2. razred,\u00a0 na\u017ealost nije bilo jer su bili na izletu. No, ovaj im je dragi gost poklone ostavio u razredima i tako pokazao da misli na sve.<\/p>\n<p>Hvala ti sv. Nikola na darovima i lijepim rije\u010dima!<\/p>\n<blockquote class=\"imgur-embed-pub\" lang=\"en\" data-id=\"a\/OXjjV\"><p><a href=\"http:\/\/imgur.com\/a\/OXjjV\">View post on imgur.com<\/a><\/p><\/blockquote>\n<p><script async src=\"\/\/s.imgur.com\/min\/embed.js\" charset=\"utf-8\"><\/script><\/p>\n<p>&nbsp;<\/p>\n<p>Dana,\u00a07.12.2015. povodom blagdana Svetog Nikole, prvi i drugi razred sa svojim u\u010diteljicama,\u00a0uputili su se u Gradsko kazali\u0161te lutaka u Rijeci pogledati lutkarsku predstavu Snje\u017ena kraljica.<\/p>\n<p><a href=\"http:\/\/osnovnaskolakrk.hr\/vrh\/wp-content\/uploads\/IMG_1866.jpg\"><img loading=\"lazy\" class=\"size-thumbnail wp-image-1143 alignleft\" src=\"http:\/\/osnovnaskolakrk.hr\/vrh\/wp-content\/uploads\/IMG_1866-150x150.jpg\" alt=\"IMG_1866\" width=\"150\" height=\"150\" srcset=\"http:\/\/osnovnaskolakrk.hr\/vrh\/wp-content\/uploads\/IMG_1866-150x150.jpg 150w, http:\/\/osnovnaskolakrk.hr\/vrh\/wp-content\/uploads\/IMG_1866-50x50.jpg 50w, http:\/\/osnovnaskolakrk.hr\/vrh\/wp-content\/uploads\/IMG_1866-400x400.jpg 400w, http:\/\/osnovnaskolakrk.hr\/vrh\/wp-content\/uploads\/IMG_1866.jpg 2048w\" sizes=\"(max-width: 150px) 100vw, 150px\" \/><\/a><\/p>\n","protected":false},"excerpt":{"rendered":"<p>Sveti je Nikola \u00a0na\u0161u \u0160kolu posjetio u ponedjeljak, 7. prosinca. Prigodnim programom pozdravili su ga 3. i 4. razred. Onih koji bi mu se najvi\u0161e veselili, 1. i 2. razred,\u00a0 na\u017ealost nije bilo jer su bili na izletu. No, ovaj im je dragi gost poklone ostavio u razredima i tako pokazao da misli na sve. [&hellip;]<\/p>\n","protected":false},"author":1,"featured_media":0,"comment_status":"open","ping_status":"open","sticky":false,"template":"","format":"standard","meta":[],"categories":[1],"tags":[],"_links":{"self":[{"href":"http:\/\/osnovnaskolakrk.hr\/vrh\/index.php?rest_route=\/wp\/v2\/posts\/1142"}],"collection":[{"href":"http:\/\/osnovnaskolakrk.hr\/vrh\/index.php?rest_route=\/wp\/v2\/posts"}],"about":[{"href":"http:\/\/osnovnaskolakrk.hr\/vrh\/index.php?rest_route=\/wp\/v2\/types\/post"}],"author":[{"embeddable":true,"href":"http:\/\/osnovnaskolakrk.hr\/vrh\/index.php?rest_route=\/wp\/v2\/users\/1"}],"replies":[{"embeddable":true,"href":"http:\/\/osnovnaskolakrk.hr\/vrh\/index.php?rest_route=%2Fwp%2Fv2%2Fcomments&post=1142"}],"version-history":[{"count":1,"href":"http:\/\/osnovnaskolakrk.hr\/vrh\/index.php?rest_route=\/wp\/v2\/posts\/1142\/revisions"}],"predecessor-version":[{"id":1145,"href":"http:\/\/osnovnaskolakrk.hr\/vrh\/index.php?rest_route=\/wp\/v2\/posts\/1142\/revisions\/1145"}],"wp:attachment":[{"href":"http:\/\/osnovnaskolakrk.hr\/vrh\/index.php?rest_route=%2Fwp%2Fv2%2Fmedia&parent=1142"}],"wp:term":[{"taxonomy":"category","embeddable":true,"href":"http:\/\/osnovnaskolakrk.hr\/vrh\/index.php?rest_route=%2Fwp%2Fv2%2Fcategories&post=1142"},{"taxonomy":"post_tag","embeddable":true,"href":"http:\/\/osnovnaskolakrk.hr\/vrh\/index.php?rest_route=%2Fwp%2Fv2%2Ftags&post=1142"}],"curies":[{"name":"wp","href":"https:\/\/api.w.org\/{rel}","templated":true}]}}