{"id":1190,"date":"2016-01-24T14:43:02","date_gmt":"2016-01-24T14:43:02","guid":{"rendered":"http:\/\/osnovnaskolakrk.hr\/vrh\/?p=1190"},"modified":"2016-01-24T14:45:48","modified_gmt":"2016-01-24T14:45:48","slug":"bravo-lara","status":"publish","type":"post","link":"http:\/\/osnovnaskolakrk.hr\/vrh\/?p=1190","title":{"rendered":"Bravo Lara!"},"content":{"rendered":"<p><a href=\"http:\/\/osnovnaskolakrk.hr\/vrh\/wp-content\/uploads\/IMG_1290.jpeg\"><img loading=\"lazy\" class=\"size-thumbnail wp-image-1197 alignleft\" src=\"http:\/\/osnovnaskolakrk.hr\/vrh\/wp-content\/uploads\/IMG_1290-150x150.jpeg\" alt=\"IMG_1290\" width=\"150\" height=\"150\" srcset=\"http:\/\/osnovnaskolakrk.hr\/vrh\/wp-content\/uploads\/IMG_1290-150x150.jpeg 150w, http:\/\/osnovnaskolakrk.hr\/vrh\/wp-content\/uploads\/IMG_1290-50x50.jpeg 50w\" sizes=\"(max-width: 150px) 100vw, 150px\" \/><\/a>Na\u0161a, talentirana u\u010denica 5. razreda Lara Nenadi\u0107\u00a0\u00a0je na Hrvatskom vesla\u010dkom prvenstvu, odigranom po\u010detkom listopada na zagreba\u010dkom Jarunu, osvojila je titulu dr\u017eavne viceprvakinje, i to u samcu za kadetkinje (B).<\/p>\n<p>U nastavku je Larin \u010dlanak o svojem putu ka uspjehu u veslanju.<\/p>\n<p>Ja sam Lara. Imam 11 godina i treniram veslanje ve\u0107 4 godine. Jako volim veslanje iz razloga \u0161to volim i more. Veslanje sam po\u010dela trenirati kada sam vidjela svoju prijateljicu koja je bila jako uspje\u0161na pa sam i ja sanjala o uspjehu u veslanju i po\u010dela trenirati. Treniram 4 puta na tjedan i poku\u0161avam odvojiti vrijeme za to koliko god mogu. U 10. mjesecu sam bila na dr\u017eavnom prvenstvu gdje sam osvojila drugo mjesto u kategoriji mla\u0111i kadeti (B). U ove 4 godine osvojila sam 39 medalja. Od toga 20 zlata, 14 srebra i 5 bronce. Osvojila sam i 6 pehara i u 2014. godini priznanje za sporta\u0161a godine otoka Krka do 14 godina. Sa dr\u017eavnim prvenstvom sam jako zadovoljna iako mislim da sam mogla i bolje od toga jer mi je falila 1 sekunda do pobjede. Moja velika mana u veslanju je da se stalno okre\u0107em u \u010damcu dok veslam i zato gubim pravac, ( dajem sve od sebe da to ispravim ). Veslanje \u0107u nastaviti trenirati sve dok budem mogla, trudit \u0107u se kao i do sada i veslanje \u0107e ostati moja velika ljubav zauvijek.<\/p>\n<p>[huge_it_gallery id=&#8221;20&#8243;]<\/p>\n<p>&nbsp;<\/p>\n<p>&nbsp;<\/p>\n","protected":false},"excerpt":{"rendered":"<p>Na\u0161a, talentirana u\u010denica 5. razreda Lara Nenadi\u0107\u00a0\u00a0je na Hrvatskom vesla\u010dkom prvenstvu, odigranom po\u010detkom listopada na zagreba\u010dkom Jarunu, osvojila je titulu dr\u017eavne viceprvakinje, i to u samcu za kadetkinje (B). U nastavku je Larin \u010dlanak o svojem putu ka uspjehu u veslanju. Ja sam Lara. Imam 11 godina i treniram veslanje ve\u0107 4 godine. Jako volim [&hellip;]<\/p>\n","protected":false},"author":1,"featured_media":0,"comment_status":"open","ping_status":"open","sticky":false,"template":"","format":"standard","meta":[],"categories":[1],"tags":[],"_links":{"self":[{"href":"http:\/\/osnovnaskolakrk.hr\/vrh\/index.php?rest_route=\/wp\/v2\/posts\/1190"}],"collection":[{"href":"http:\/\/osnovnaskolakrk.hr\/vrh\/index.php?rest_route=\/wp\/v2\/posts"}],"about":[{"href":"http:\/\/osnovnaskolakrk.hr\/vrh\/index.php?rest_route=\/wp\/v2\/types\/post"}],"author":[{"embeddable":true,"href":"http:\/\/osnovnaskolakrk.hr\/vrh\/index.php?rest_route=\/wp\/v2\/users\/1"}],"replies":[{"embeddable":true,"href":"http:\/\/osnovnaskolakrk.hr\/vrh\/index.php?rest_route=%2Fwp%2Fv2%2Fcomments&post=1190"}],"version-history":[{"count":2,"href":"http:\/\/osnovnaskolakrk.hr\/vrh\/index.php?rest_route=\/wp\/v2\/posts\/1190\/revisions"}],"predecessor-version":[{"id":1214,"href":"http:\/\/osnovnaskolakrk.hr\/vrh\/index.php?rest_route=\/wp\/v2\/posts\/1190\/revisions\/1214"}],"wp:attachment":[{"href":"http:\/\/osnovnaskolakrk.hr\/vrh\/index.php?rest_route=%2Fwp%2Fv2%2Fmedia&parent=1190"}],"wp:term":[{"taxonomy":"category","embeddable":true,"href":"http:\/\/osnovnaskolakrk.hr\/vrh\/index.php?rest_route=%2Fwp%2Fv2%2Fcategories&post=1190"},{"taxonomy":"post_tag","embeddable":true,"href":"http:\/\/osnovnaskolakrk.hr\/vrh\/index.php?rest_route=%2Fwp%2Fv2%2Ftags&post=1190"}],"curies":[{"name":"wp","href":"https:\/\/api.w.org\/{rel}","templated":true}]}}