{"id":1218,"date":"2016-02-01T08:44:37","date_gmt":"2016-02-01T08:44:37","guid":{"rendered":"http:\/\/osnovnaskolakrk.hr\/vrh\/?p=1218"},"modified":"2016-02-01T08:45:44","modified_gmt":"2016-02-01T08:45:44","slug":"kreativci-3-razreda","status":"publish","type":"post","link":"http:\/\/osnovnaskolakrk.hr\/vrh\/?p=1218","title":{"rendered":"Kreativci 3. razreda"},"content":{"rendered":"<p><a href=\"http:\/\/osnovnaskolakrk.hr\/vrh\/wp-content\/uploads\/image-3e2d3c7778e6f03039f51900b9873ed4602e4d1cc37ea9258e37c1fd31aa517c-V.jpg\"><img loading=\"lazy\" class=\"size-thumbnail wp-image-1219 alignleft\" src=\"http:\/\/osnovnaskolakrk.hr\/vrh\/wp-content\/uploads\/image-3e2d3c7778e6f03039f51900b9873ed4602e4d1cc37ea9258e37c1fd31aa517c-V-150x150.jpg\" alt=\"image-3e2d3c7778e6f03039f51900b9873ed4602e4d1cc37ea9258e37c1fd31aa517c-V\" width=\"150\" height=\"150\" srcset=\"http:\/\/osnovnaskolakrk.hr\/vrh\/wp-content\/uploads\/image-3e2d3c7778e6f03039f51900b9873ed4602e4d1cc37ea9258e37c1fd31aa517c-V-150x150.jpg 150w, http:\/\/osnovnaskolakrk.hr\/vrh\/wp-content\/uploads\/image-3e2d3c7778e6f03039f51900b9873ed4602e4d1cc37ea9258e37c1fd31aa517c-V-50x50.jpg 50w\" sizes=\"(max-width: 150px) 100vw, 150px\" \/><\/a>Svakodnevnim pisanjem razvijamo kod u\u010denika dobre komunikacijske vje\u0161tine. Iznijeti emocije, prenijeti neku ideju ili prepri\u010dati doga\u0111aj nije nimalo lako. Stoga se djeca postupno uvode u proces pisanja. Kreativnim zadacima u\u010denici pristupaju sa zadovoljstvom.<\/p>\n<p>Tako su u\u010denici tre\u0107eg razreda samostalno pisali kratke sastavke o \u0161arenim snjegovi\u0107ima, prepustili se ma\u0161ti i postigli lijepe rezultate.\u00a0 Objavit \u0107emo stoga nekoliko njihovih uradaka koje su sami odabrali.<!--more--><\/p>\n<p>&nbsp;<\/p>\n<p>\u0160ARENI SNJE\u0160KO<\/p>\n<p>Ja sam djevoj\u010dica Veronika. Zima je. Volim raditi Snje\u0161ka Bjeli\u0107a.<\/p>\n<p>Ove godine pao je kristalno \u0161areni snijeg. To mi je bilo jako \u010dudno. Pahuljice su bile \u017eute, zelene, plave, ljubi\u010daste, crvene a neke i svjetlucave. Napravila sam snje\u0161ka. Bio je \u0161aren. Odjednom je po\u010deo govoriti. \u201cBok! Ja sam Snje\u0161ko Bjeli\u0107! Ho\u0107e\u0161 li se igrati sa mnom?\u201c Za\u010dudila sam se i rekla: \u201cMo\u017ee.\u201c Igrali smo se i pomalo se po\u010deo topiti. Kad se otopio sve je bilo \u0161areno.<\/p>\n<p>Mislim da je ova zima jako \u010dudna.<\/p>\n<p>Veronika Pavlovi\u0107, tre\u0107i razred<\/p>\n<p>&nbsp;<\/p>\n<p>\u0160ARENI SNJEGOVI\u0106<\/p>\n<p>Zima je. Pao je snijeg, ali ne obi\u010dan. To je bio \u0161areni snijeg. Nastao je nakon \u0161to su se dugine boje slu\u010dajno prolile i obojale ga.<\/p>\n<p>U jutro su djeca vidjela \u0161areni snijeg i jako su se iznenadila. Odmah su iza\u0161la i po\u010dela graditi \u0161arenog snjegovi\u0107a: mene! Napravljen sam od tri grude razli\u010ditih veli\u010dina. Na glavi imam crveni lonac. Za nos su mi stavili naran\u010dastu mrkvu. Oko vrata su mi zamotali \u0161al. Ispod \u0161ala su mi stavili tri crna gumba.<\/p>\n<p>Ja volim svoj \u017eivot i djecu. Na\u017ealost uskoro \u0107u se rastopiti.<\/p>\n<p>Dominik Nenadi\u010d, tre\u0107i razred<\/p>\n<p>&nbsp;<\/p>\n<p>\u0160ARENI SNJEGOVI\u0106<\/p>\n<p>Ja sam snjegovi\u0107 Paola.<\/p>\n<p>Ove godine, po prvi put, pao je \u0161areni snijeg na zemlju. Djeca su me napravila \u0161arenih boja i jako sam tu\u017ena jer me drugi snjegovi\u0107i ne vole i rugaju mi se. Jedino mi se snjegovi\u0107 Lina ne ruga. Rekla sam joj da \u0107u se otopiti od tuge. Slijede\u0107eg dana mene vi\u0161e nije bilo jer sam se otopila. Djeca su bila tu\u017ena \u0161to me nema pa su napravila drugog snjegovi\u0107a.<\/p>\n<p>Ja ne volim one koji se drugima rugaju.<\/p>\n<p>Paola Hr\u017ei\u0107, tre\u0107i razred<\/p>\n<p>&nbsp;<\/p>\n<p>\u0160ARENI SNJEGOVI\u0106<\/p>\n<p>Ja sam snjegovi\u0107 \u0160arenko.<\/p>\n<p>Djeca su me napravila od \u0161arenog snijega. Glava mi je ljubi\u010dasta, a donji dio je plave i crvene boje. Mrkva mi je zelena. Kapa i \u0161al su mi \u017eute boje.<\/p>\n<p>Za par dana sti\u017ee prolje\u0107e. Ja \u0107u se rastopiti, ali nema veze. U\u017eivao sam gledati djecu kako se igraju i zabavljaju.<\/p>\n<p>Boris Mr\u0161i\u0107, tre\u0107i razred<\/p>\n<p>&nbsp;<\/p>\n<p>&nbsp;<\/p>\n<p>Likovnim jezikom, u tehnici kola\u017ea, izrazili su se na istu temu vrlo uspje\u0161no.<\/p>\n<p>&nbsp;<\/p>\n<p><a href=\"http:\/\/osnovnaskolakrk.hr\/vrh\/wp-content\/uploads\/image-530e42299f062a355ca34f9bb0418bd293e49ccfa365d26994d5ae0513d46e86-V.jpg\"><img loading=\"lazy\" class=\"wp-image-1220 alignleft\" src=\"http:\/\/osnovnaskolakrk.hr\/vrh\/wp-content\/uploads\/image-530e42299f062a355ca34f9bb0418bd293e49ccfa365d26994d5ae0513d46e86-V-150x150.jpg\" alt=\"image-530e42299f062a355ca34f9bb0418bd293e49ccfa365d26994d5ae0513d46e86-V\" width=\"300\" height=\"168\" srcset=\"http:\/\/osnovnaskolakrk.hr\/vrh\/wp-content\/uploads\/image-530e42299f062a355ca34f9bb0418bd293e49ccfa365d26994d5ae0513d46e86-V-400x223.jpg 400w, http:\/\/osnovnaskolakrk.hr\/vrh\/wp-content\/uploads\/image-530e42299f062a355ca34f9bb0418bd293e49ccfa365d26994d5ae0513d46e86-V.jpg 1280w\" sizes=\"(max-width: 300px) 100vw, 300px\" \/><\/a> <a href=\"http:\/\/osnovnaskolakrk.hr\/vrh\/wp-content\/uploads\/image-3e2d3c7778e6f03039f51900b9873ed4602e4d1cc37ea9258e37c1fd31aa517c-V.jpg\"><img loading=\"lazy\" class=\"aligncenter wp-image-1219\" src=\"http:\/\/osnovnaskolakrk.hr\/vrh\/wp-content\/uploads\/image-3e2d3c7778e6f03039f51900b9873ed4602e4d1cc37ea9258e37c1fd31aa517c-V-150x150.jpg\" alt=\"image-3e2d3c7778e6f03039f51900b9873ed4602e4d1cc37ea9258e37c1fd31aa517c-V\" width=\"307\" height=\"307\" srcset=\"http:\/\/osnovnaskolakrk.hr\/vrh\/wp-content\/uploads\/image-3e2d3c7778e6f03039f51900b9873ed4602e4d1cc37ea9258e37c1fd31aa517c-V-150x150.jpg 150w, http:\/\/osnovnaskolakrk.hr\/vrh\/wp-content\/uploads\/image-3e2d3c7778e6f03039f51900b9873ed4602e4d1cc37ea9258e37c1fd31aa517c-V-50x50.jpg 50w\" sizes=\"(max-width: 307px) 100vw, 307px\" \/><\/a><\/p>\n<p>u\u010diteljica<\/p>\n<p>Silvia Volari\u0107<\/p>\n","protected":false},"excerpt":{"rendered":"<p>Svakodnevnim pisanjem razvijamo kod u\u010denika dobre komunikacijske vje\u0161tine. Iznijeti emocije, prenijeti neku ideju ili prepri\u010dati doga\u0111aj nije nimalo lako. Stoga se djeca postupno uvode u proces pisanja. Kreativnim zadacima u\u010denici pristupaju sa zadovoljstvom. Tako su u\u010denici tre\u0107eg razreda samostalno pisali kratke sastavke o \u0161arenim snjegovi\u0107ima, prepustili se ma\u0161ti i postigli lijepe rezultate.\u00a0 Objavit \u0107emo stoga [&hellip;]<\/p>\n","protected":false},"author":1,"featured_media":0,"comment_status":"open","ping_status":"open","sticky":false,"template":"","format":"standard","meta":[],"categories":[1],"tags":[],"_links":{"self":[{"href":"http:\/\/osnovnaskolakrk.hr\/vrh\/index.php?rest_route=\/wp\/v2\/posts\/1218"}],"collection":[{"href":"http:\/\/osnovnaskolakrk.hr\/vrh\/index.php?rest_route=\/wp\/v2\/posts"}],"about":[{"href":"http:\/\/osnovnaskolakrk.hr\/vrh\/index.php?rest_route=\/wp\/v2\/types\/post"}],"author":[{"embeddable":true,"href":"http:\/\/osnovnaskolakrk.hr\/vrh\/index.php?rest_route=\/wp\/v2\/users\/1"}],"replies":[{"embeddable":true,"href":"http:\/\/osnovnaskolakrk.hr\/vrh\/index.php?rest_route=%2Fwp%2Fv2%2Fcomments&post=1218"}],"version-history":[{"count":2,"href":"http:\/\/osnovnaskolakrk.hr\/vrh\/index.php?rest_route=\/wp\/v2\/posts\/1218\/revisions"}],"predecessor-version":[{"id":1222,"href":"http:\/\/osnovnaskolakrk.hr\/vrh\/index.php?rest_route=\/wp\/v2\/posts\/1218\/revisions\/1222"}],"wp:attachment":[{"href":"http:\/\/osnovnaskolakrk.hr\/vrh\/index.php?rest_route=%2Fwp%2Fv2%2Fmedia&parent=1218"}],"wp:term":[{"taxonomy":"category","embeddable":true,"href":"http:\/\/osnovnaskolakrk.hr\/vrh\/index.php?rest_route=%2Fwp%2Fv2%2Fcategories&post=1218"},{"taxonomy":"post_tag","embeddable":true,"href":"http:\/\/osnovnaskolakrk.hr\/vrh\/index.php?rest_route=%2Fwp%2Fv2%2Ftags&post=1218"}],"curies":[{"name":"wp","href":"https:\/\/api.w.org\/{rel}","templated":true}]}}