{"id":1226,"date":"2016-02-01T08:54:28","date_gmt":"2016-02-01T08:54:28","guid":{"rendered":"http:\/\/osnovnaskolakrk.hr\/vrh\/?p=1226"},"modified":"2016-02-08T07:27:28","modified_gmt":"2016-02-08T07:27:28","slug":"obiljezavanje-medunarodnog-dana-sjecanja-na-holokaust-i-sprjecavanja-zlocina-protiv-covjecnosti-27-sijecnja","status":"publish","type":"post","link":"http:\/\/osnovnaskolakrk.hr\/vrh\/?p=1226","title":{"rendered":"Obilje\u017eavanje Me\u0111unarodnog dana sje\u0107anja na holokaust i sprje\u010davanja zlo\u010dina protiv \u010dovje\u010dnosti (27. sije\u010dnja)"},"content":{"rendered":"<p><a href=\"http:\/\/osnovnaskolakrk.hr\/vrh\/wp-content\/uploads\/IMG_79111.jpg\"><img loading=\"lazy\" class=\"alignleft wp-image-1228 \" src=\"http:\/\/osnovnaskolakrk.hr\/vrh\/wp-content\/uploads\/IMG_79111.jpg\" alt=\"IMG_7911[1]\" width=\"441\" height=\"294\" srcset=\"http:\/\/osnovnaskolakrk.hr\/vrh\/wp-content\/uploads\/IMG_79111.jpg 750w, http:\/\/osnovnaskolakrk.hr\/vrh\/wp-content\/uploads\/IMG_79111-400x267.jpg 400w\" sizes=\"(max-width: 441px) 100vw, 441px\" \/><\/a>Me\u0111unarodni dan sje\u0107anja na holokaust i sprje\u010davanja zlo\u010dina protiv \u010dovje\u010dnosti (27. sije\u010dnja) obilje\u017een je u petak, 29. sije\u010dnja 2016. godine u predvorju M\u0160 Krk. Manifestacija je okupila 147 u\u010denika osmih razreda kr\u010dkih osnovnih \u0161kola, a nazo\u010dili su joj predstavnici kr\u010dkih op\u0107ina, gradona\u010delnik Grada Krka g. Darijo Vasili\u0107, na\u010delnik Op\u0107ine Punat g. Marinko \u017dic, na\u010delnik Op\u0107ine Ba\u0161ka g. Toni Jurani\u0107, predstavnici SUBNOR- a Primorsko- goranske \u017eupanije, predsjednik Udruge antifa\u0161isti\u010dkih boraca i antifa\u0161ista otoka Krka g. Darko Fanuko, ravnatelj O\u0160 &#8220;Fran Krsto Frankopan&#8221; Krk g. Ser\u0111o Sambli\u0107, ravnatelj O\u0160 &#8220;Omi\u0161alj&#8221; g. \u017darko \u017darkovi\u0107, \u010dlanovi UABA otoka Krka i ostali gosti.<!--more--><\/p>\n<p><img loading=\"lazy\" class=\" wp-image-1234 alignleft\" src=\"http:\/\/osnovnaskolakrk.hr\/vrh\/wp-content\/uploads\/osma\u0161i-vrh-150x150.jpg\" alt=\"osma\u0161i vrh\" width=\"215\" height=\"215\" srcset=\"http:\/\/osnovnaskolakrk.hr\/vrh\/wp-content\/uploads\/osma\u0161i-vrh-150x150.jpg 150w, http:\/\/osnovnaskolakrk.hr\/vrh\/wp-content\/uploads\/osma\u0161i-vrh-50x50.jpg 50w\" sizes=\"(max-width: 215px) 100vw, 215px\" \/>Program obilje\u017eavanja Dana sje\u0107anja na holokaust zapo\u010deo je prikazivanjem dijela filma &#8220;Povratak posljednjeg&#8221; o sudbini obitelji Mandi\u0107 iz Opatije i njenog glavnog protagonista gospodina Olega Mandi\u0107a koji je bio poseban gost kr\u010dke manifestacije. Gospodin Mandi\u0107 je nakon prikazanog filma pojasnio okolnosti koje su, u ljeto 1944. godine, dovele do njegove deportacije u najve\u0107i i najstra\u0161niji nacisti\u010dki logor Auschwitz- Birkenau u koji je, preko Italije, poslan zajedno sa majkom i bakom zbog o\u010devog i djedovog pridru\u017eivanja partizanskom pokretu. Potom je opisao mjesece koje je proveo u logoru kao jedanaestogodi\u0161nji dje\u010dak ozna\u010den kao politi\u010dki zatvorenik. Odgovaraju\u0107i na pitanja u\u010denika i gostiju iz publike gospodin Mandi\u0107 je rasvijetlio genezu i povijest holokausta, najstra\u0161nijeg genocida XX. stolje\u0107a, te objasnio kako je krajem velja\u010de 1945. godine bio posljednji logora\u0161 koji je \u017eiv napustio Auschwitz.<\/p>\n<p>Svjedo\u010denjem gospodina Olega Mandi\u0107a kao negda\u0161njeg logora\u0161a u\u010denici su dobili potpuniju i jasniju sliku jednog od najtragi\u010dnijih segmenata novije europske i svjetske pro\u0161losti \u010dije se posljedice manifestiraju u razli\u010ditim oblicima sve do na\u0161ega vremena. Na kraju svoga obra\u0107anja gospodin Mandi\u0107 je odaslao poruku da treba \u0161iriti toleranciju, uva\u017eavati razli\u010ditosti i odstraniti mr\u017enju koja jedina mo\u017ee pokrenuti zlo. To je ujedno bila zavr\u0161na poruka kr\u010dke manifestacije upu\u0107ena svima koji su joj nazo\u010dili.<\/p>\n<p>Manifestacija je ujedno bila popra\u0107ena izlo\u017ebom likovnih radova na temu holokausta koju je s u\u010denicima M\u0160 Krk i P\u0160 Punat osmislila i oblikovala Alma Dujmovi\u0107, u\u010diteljica likovne kulture, te literarnih radova koju je s u\u010denicima M\u0160 Krk priredila Milica \u017du\u017ei\u0107, u\u010diteljica hrvatskog jezika. Suradnja sa JUSP Jasenovac u ostvarenju &#8220;Projekta \u0160afran&#8221; prezentirana je plakatom u\u010denika P\u0160 Vrh.<\/p>\n<p>Obilje\u017eavanje Dana sje\u0107anja na holokaust i sprje\u010davanja zlo\u010dina protiv \u010dovje\u010dnosti realizirano je suradnjom stru\u010dnog aktiva u\u010ditelja povijesti i Udruge antifa\u0161isti\u010dkih boraca i antifa\u0161ista otoka Krka, uz svesrdnu organizacijsku pomo\u0107 ravnatelja kr\u010dkih osnovnih \u0161kola. To je prvi od nekoliko najavljenih projekata namijenjenih u\u010denicima osmog razreda \u010dija je realizacija predvi\u0111ena tijekom ove nastavne godine.<\/p>\n<p>Tvrtko Bo\u017ei\u0107<\/p>\n<p>voditelj stru\u010dnog aktiva u\u010ditelja povijesti<\/p>\n<blockquote class=\"imgur-embed-pub\" lang=\"en\" data-id=\"a\/jXmsW\"><p><a href=\"http:\/\/imgur.com\/a\/jXmsW\">View post on imgur.com<\/a><\/p><\/blockquote>\n<p><script async src=\"\/\/s.imgur.com\/min\/embed.js\" charset=\"utf-8\"><\/script><\/p>\n","protected":false},"excerpt":{"rendered":"<p>Me\u0111unarodni dan sje\u0107anja na holokaust i sprje\u010davanja zlo\u010dina protiv \u010dovje\u010dnosti (27. sije\u010dnja) obilje\u017een je u petak, 29. sije\u010dnja 2016. godine u predvorju M\u0160 Krk. Manifestacija je okupila 147 u\u010denika osmih razreda kr\u010dkih osnovnih \u0161kola, a nazo\u010dili su joj predstavnici kr\u010dkih op\u0107ina, gradona\u010delnik Grada Krka g. Darijo Vasili\u0107, na\u010delnik Op\u0107ine Punat g. Marinko \u017dic, na\u010delnik Op\u0107ine [&hellip;]<\/p>\n","protected":false},"author":1,"featured_media":0,"comment_status":"open","ping_status":"open","sticky":false,"template":"","format":"standard","meta":[],"categories":[1],"tags":[],"_links":{"self":[{"href":"http:\/\/osnovnaskolakrk.hr\/vrh\/index.php?rest_route=\/wp\/v2\/posts\/1226"}],"collection":[{"href":"http:\/\/osnovnaskolakrk.hr\/vrh\/index.php?rest_route=\/wp\/v2\/posts"}],"about":[{"href":"http:\/\/osnovnaskolakrk.hr\/vrh\/index.php?rest_route=\/wp\/v2\/types\/post"}],"author":[{"embeddable":true,"href":"http:\/\/osnovnaskolakrk.hr\/vrh\/index.php?rest_route=\/wp\/v2\/users\/1"}],"replies":[{"embeddable":true,"href":"http:\/\/osnovnaskolakrk.hr\/vrh\/index.php?rest_route=%2Fwp%2Fv2%2Fcomments&post=1226"}],"version-history":[{"count":5,"href":"http:\/\/osnovnaskolakrk.hr\/vrh\/index.php?rest_route=\/wp\/v2\/posts\/1226\/revisions"}],"predecessor-version":[{"id":1235,"href":"http:\/\/osnovnaskolakrk.hr\/vrh\/index.php?rest_route=\/wp\/v2\/posts\/1226\/revisions\/1235"}],"wp:attachment":[{"href":"http:\/\/osnovnaskolakrk.hr\/vrh\/index.php?rest_route=%2Fwp%2Fv2%2Fmedia&parent=1226"}],"wp:term":[{"taxonomy":"category","embeddable":true,"href":"http:\/\/osnovnaskolakrk.hr\/vrh\/index.php?rest_route=%2Fwp%2Fv2%2Fcategories&post=1226"},{"taxonomy":"post_tag","embeddable":true,"href":"http:\/\/osnovnaskolakrk.hr\/vrh\/index.php?rest_route=%2Fwp%2Fv2%2Ftags&post=1226"}],"curies":[{"name":"wp","href":"https:\/\/api.w.org\/{rel}","templated":true}]}}