{"id":1256,"date":"2016-02-08T07:58:00","date_gmt":"2016-02-08T07:58:00","guid":{"rendered":"http:\/\/osnovnaskolakrk.hr\/vrh\/?p=1256"},"modified":"2016-02-08T07:58:00","modified_gmt":"2016-02-08T07:58:00","slug":"izlet-na-platak","status":"publish","type":"post","link":"http:\/\/osnovnaskolakrk.hr\/vrh\/?p=1256","title":{"rendered":"Izlet na Platak"},"content":{"rendered":"<div id=\":s3\" class=\"ii gt m152bfbfa2e1ba68c adP adO\">\n<div id=\":sp\" class=\"a3s\">\n<div><img loading=\"lazy\" class=\"size-thumbnail wp-image-1257 alignleft\" src=\"http:\/\/osnovnaskolakrk.hr\/vrh\/wp-content\/uploads\/IMG_3102-150x150.jpg\" alt=\"IMG_3102\" width=\"150\" height=\"150\" srcset=\"http:\/\/osnovnaskolakrk.hr\/vrh\/wp-content\/uploads\/IMG_3102-150x150.jpg 150w, http:\/\/osnovnaskolakrk.hr\/vrh\/wp-content\/uploads\/IMG_3102-768x768.jpg 768w, http:\/\/osnovnaskolakrk.hr\/vrh\/wp-content\/uploads\/IMG_3102-50x50.jpg 50w, http:\/\/osnovnaskolakrk.hr\/vrh\/wp-content\/uploads\/IMG_3102-400x400.jpg 400w, http:\/\/osnovnaskolakrk.hr\/vrh\/wp-content\/uploads\/IMG_3102.jpg 2048w\" sizes=\"(max-width: 150px) 100vw, 150px\" \/>U petak, 5.2.2016., u\u010denici 2., 3., i 4. razreda zajedno\u00a0s u\u010diteljicama, i\u0161li su na poludnevni izlet na skijali\u0161te Platak. Osim \u0161to je cijeli\u00a0dan bio popra\u0107en suncem i lijepim vremenom, djeca su u\u017eivala u sanjkanju, grudanju i pravljenju snjegovi\u0107a u snijegu. Nakon\u00a0snje\u017enih aktivnosti, u\u010denici su se odmorili i\u00a0okrijepili u Velikom domu gdje smo imali organiziran veoma ukusan i\u00a0topao ru\u010dak uz juhu i bolonjez. Povratak s Platka uslijedio je nakon ru\u010dka u 15 sati.<\/div>\n<div>\n<div class=\"yj6qo\"><\/div>\n<div class=\"yj6qo\">asistentica 2. razreda; Jenny Berkovi\u0107\n<\/div>\n<\/div>\n<\/div>\n<\/div>\n<div id=\":mx\" class=\"hq gt a10\"><\/div>\n","protected":false},"excerpt":{"rendered":"<p>U petak, 5.2.2016., u\u010denici 2., 3., i 4. razreda zajedno\u00a0s u\u010diteljicama, i\u0161li su na poludnevni izlet na skijali\u0161te Platak. Osim \u0161to je cijeli\u00a0dan bio popra\u0107en suncem i lijepim vremenom, djeca su u\u017eivala u sanjkanju, grudanju i pravljenju snjegovi\u0107a u snijegu. Nakon\u00a0snje\u017enih aktivnosti, u\u010denici su se odmorili i\u00a0okrijepili u Velikom domu gdje smo imali organiziran veoma [&hellip;]<\/p>\n","protected":false},"author":1,"featured_media":0,"comment_status":"open","ping_status":"open","sticky":false,"template":"","format":"standard","meta":[],"categories":[1],"tags":[],"_links":{"self":[{"href":"http:\/\/osnovnaskolakrk.hr\/vrh\/index.php?rest_route=\/wp\/v2\/posts\/1256"}],"collection":[{"href":"http:\/\/osnovnaskolakrk.hr\/vrh\/index.php?rest_route=\/wp\/v2\/posts"}],"about":[{"href":"http:\/\/osnovnaskolakrk.hr\/vrh\/index.php?rest_route=\/wp\/v2\/types\/post"}],"author":[{"embeddable":true,"href":"http:\/\/osnovnaskolakrk.hr\/vrh\/index.php?rest_route=\/wp\/v2\/users\/1"}],"replies":[{"embeddable":true,"href":"http:\/\/osnovnaskolakrk.hr\/vrh\/index.php?rest_route=%2Fwp%2Fv2%2Fcomments&post=1256"}],"version-history":[{"count":2,"href":"http:\/\/osnovnaskolakrk.hr\/vrh\/index.php?rest_route=\/wp\/v2\/posts\/1256\/revisions"}],"predecessor-version":[{"id":1259,"href":"http:\/\/osnovnaskolakrk.hr\/vrh\/index.php?rest_route=\/wp\/v2\/posts\/1256\/revisions\/1259"}],"wp:attachment":[{"href":"http:\/\/osnovnaskolakrk.hr\/vrh\/index.php?rest_route=%2Fwp%2Fv2%2Fmedia&parent=1256"}],"wp:term":[{"taxonomy":"category","embeddable":true,"href":"http:\/\/osnovnaskolakrk.hr\/vrh\/index.php?rest_route=%2Fwp%2Fv2%2Fcategories&post=1256"},{"taxonomy":"post_tag","embeddable":true,"href":"http:\/\/osnovnaskolakrk.hr\/vrh\/index.php?rest_route=%2Fwp%2Fv2%2Ftags&post=1256"}],"curies":[{"name":"wp","href":"https:\/\/api.w.org\/{rel}","templated":true}]}}