{"id":1260,"date":"2016-02-08T08:03:19","date_gmt":"2016-02-08T08:03:19","guid":{"rendered":"http:\/\/osnovnaskolakrk.hr\/vrh\/?p=1260"},"modified":"2016-02-08T08:03:19","modified_gmt":"2016-02-08T08:03:19","slug":"sahovsko-prvenstvo-osnovnih-skola-primorsko-goranske-zupanije","status":"publish","type":"post","link":"http:\/\/osnovnaskolakrk.hr\/vrh\/?p=1260","title":{"rendered":"\u0160ahovsko prvenstvo osnovnih \u0161kola Primorsko-goranske \u017eupanije"},"content":{"rendered":"<p><em><img loading=\"lazy\" class=\"alignleft wp-image-1262\" src=\"http:\/\/osnovnaskolakrk.hr\/vrh\/wp-content\/uploads\/\u0161ah1-150x150.jpg\" alt=\"\u0161ah1\" width=\"259\" height=\"259\" srcset=\"http:\/\/osnovnaskolakrk.hr\/vrh\/wp-content\/uploads\/\u0161ah1-150x150.jpg 150w, http:\/\/osnovnaskolakrk.hr\/vrh\/wp-content\/uploads\/\u0161ah1-50x50.jpg 50w\" sizes=\"(max-width: 259px) 100vw, 259px\" \/>Ove godine kvalifikacije za ulazak u posljednji \u017eupanijski krug natjecanja odr\u017eao se u utorak, 26.sije\u010dnja. Kako bi na\u0161a \u0161ahovska ekipa, sastavljena od \u010dlanova iz podru\u010dnih \u0161kola Vrh i Malinska, pro\u0161la u zavr\u0161ni krug morala je izboriti plasman me\u0111u prvih \u0161est ekipa. Kao kapetanica ekipe osje\u0107ala sam blagu napetost, \u017earko sam htjela da pro\u0111emo u finale, vjerovala sam u nas i podr\u017eavala ostale suigra\u010dice iz ekipe. Na kraju kvalifikacija, zavr\u0161ile smo druge i time osigurale ulazak u zavr\u0161ni \u017eupanijski krug.<\/em><!--more--><\/p>\n<p>&nbsp;<\/p>\n<p><em>Zavr\u0161ni se krug odr\u017eao 3.velja\u010de. Ovaj nam je dio turnira bio te\u017ei jer smo igrale protiv ekipa koje su najbolje u \u017eupaniji. \u017deljele smo pro\u0107i dalje,na dr\u017eavno, ali na dr\u017eavno prvenstvo osnovnih \u0161kola prolazi samo najbolja ekipa iz svake \u017eupanije. Nas je na putu za dr\u017eavno zaustavila ekipa Goran iz Vrbovskog koja je bila puno ja\u010da i iskusnija od nas. Svejedno smo se borile najja\u010de protiv njih, no na kraju smo izgubile i zavr\u0161ile druge. Sa srebrnom medaljom i peharom vratile smo se \u0161kolama sretne jer smo ostvarile veoma dobar rezultat, a priliku za odlazak na dr\u017eavno dobit \u0107emo opet slijede\u0107e godine i svom snagom poku\u0161ati biti bolje. Jako sam sretna s igrom svojih suigra\u010dica i veoma sam zahvalna i ponosna na njih zbog toga \u0161to se sve one bave \u0161ahom amaterski. Ovo im je bilo jedno veliko iskustvo kao i meni.<\/em><\/p>\n<p><img loading=\"lazy\" class=\" wp-image-1263 alignleft\" src=\"http:\/\/osnovnaskolakrk.hr\/vrh\/wp-content\/uploads\/\u0161ah3-150x150.jpg\" alt=\"\u0161ah3\" width=\"192\" height=\"192\" srcset=\"http:\/\/osnovnaskolakrk.hr\/vrh\/wp-content\/uploads\/\u0161ah3-150x150.jpg 150w, http:\/\/osnovnaskolakrk.hr\/vrh\/wp-content\/uploads\/\u0161ah3-50x50.jpg 50w\" sizes=\"(max-width: 192px) 100vw, 192px\" \/><\/p>\n<p><em>Katarina Bogdani\u0107, 7.razred<\/em><\/p>\n","protected":false},"excerpt":{"rendered":"<p>Ove godine kvalifikacije za ulazak u posljednji \u017eupanijski krug natjecanja odr\u017eao se u utorak, 26.sije\u010dnja. Kako bi na\u0161a \u0161ahovska ekipa, sastavljena od \u010dlanova iz podru\u010dnih \u0161kola Vrh i Malinska, pro\u0161la u zavr\u0161ni krug morala je izboriti plasman me\u0111u prvih \u0161est ekipa. Kao kapetanica ekipe osje\u0107ala sam blagu napetost, \u017earko sam htjela da pro\u0111emo u finale, [&hellip;]<\/p>\n","protected":false},"author":1,"featured_media":0,"comment_status":"open","ping_status":"open","sticky":false,"template":"","format":"standard","meta":[],"categories":[1],"tags":[],"_links":{"self":[{"href":"http:\/\/osnovnaskolakrk.hr\/vrh\/index.php?rest_route=\/wp\/v2\/posts\/1260"}],"collection":[{"href":"http:\/\/osnovnaskolakrk.hr\/vrh\/index.php?rest_route=\/wp\/v2\/posts"}],"about":[{"href":"http:\/\/osnovnaskolakrk.hr\/vrh\/index.php?rest_route=\/wp\/v2\/types\/post"}],"author":[{"embeddable":true,"href":"http:\/\/osnovnaskolakrk.hr\/vrh\/index.php?rest_route=\/wp\/v2\/users\/1"}],"replies":[{"embeddable":true,"href":"http:\/\/osnovnaskolakrk.hr\/vrh\/index.php?rest_route=%2Fwp%2Fv2%2Fcomments&post=1260"}],"version-history":[{"count":1,"href":"http:\/\/osnovnaskolakrk.hr\/vrh\/index.php?rest_route=\/wp\/v2\/posts\/1260\/revisions"}],"predecessor-version":[{"id":1264,"href":"http:\/\/osnovnaskolakrk.hr\/vrh\/index.php?rest_route=\/wp\/v2\/posts\/1260\/revisions\/1264"}],"wp:attachment":[{"href":"http:\/\/osnovnaskolakrk.hr\/vrh\/index.php?rest_route=%2Fwp%2Fv2%2Fmedia&parent=1260"}],"wp:term":[{"taxonomy":"category","embeddable":true,"href":"http:\/\/osnovnaskolakrk.hr\/vrh\/index.php?rest_route=%2Fwp%2Fv2%2Fcategories&post=1260"},{"taxonomy":"post_tag","embeddable":true,"href":"http:\/\/osnovnaskolakrk.hr\/vrh\/index.php?rest_route=%2Fwp%2Fv2%2Ftags&post=1260"}],"curies":[{"name":"wp","href":"https:\/\/api.w.org\/{rel}","templated":true}]}}