{"id":1279,"date":"2016-02-08T16:13:39","date_gmt":"2016-02-08T16:13:39","guid":{"rendered":"http:\/\/osnovnaskolakrk.hr\/vrh\/?p=1279"},"modified":"2016-02-08T16:13:39","modified_gmt":"2016-02-08T16:13:39","slug":"noc-muzeja","status":"publish","type":"post","link":"http:\/\/osnovnaskolakrk.hr\/vrh\/?p=1279","title":{"rendered":"No\u0107 muzeja"},"content":{"rendered":"<p>No\u0107 muzeja je manifestacija koja se i ove godine diljem Hrvatske odr\u017eala 29. sije\u010dnja od 18 do 24 sata. I u\u010denici P\u0160 Vrh sudjelovali su u njoj. Njih pedesetak iz 6., 7. i 8. razreda tom su prigodom posjetili Pomorski i povijesni muzej u Rijeci te Muzej grada Rijeke.<\/p>\n<p>Unato\u010d povelikoj gu\u017evi, u\u010denici su sa svojom u\u010diteljicom Mirelom Sparo\u017ei\u0107 uspjeli vidjeti mno\u0161tvo maketa jadranskih brodova i barki, slike s motivima rije\u010dkih i primorskih povijesnih velikana, urbani namje\u0161taj iz 19. i s po\u010detka 20. st., kao i plakate i kostime mnogih predstava HNK Ivana pl. Zajca iz druge polovice 20. st.<\/p>\n<p>Posjet toj izvrsnoj manifestaciji bio je vrlo dobar te se nadamo ponoviti ga dogodine na nekom drugom mjestu.<\/p>\n<blockquote class=\"imgur-embed-pub\" lang=\"en\" data-id=\"a\/VNLRb\"><p><a href=\"http:\/\/imgur.com\/a\/VNLRb\">View post on imgur.com<\/a><\/p><\/blockquote>\n<p><script async src=\"\/\/s.imgur.com\/min\/embed.js\" charset=\"utf-8\"><\/script><\/p>\n<p>&nbsp;<\/p>\n","protected":false},"excerpt":{"rendered":"<p>No\u0107 muzeja je manifestacija koja se i ove godine diljem Hrvatske odr\u017eala 29. sije\u010dnja od 18 do 24 sata. I u\u010denici P\u0160 Vrh sudjelovali su u njoj. Njih pedesetak iz 6., 7. i 8. razreda tom su prigodom posjetili Pomorski i povijesni muzej u Rijeci te Muzej grada Rijeke. Unato\u010d povelikoj gu\u017evi, u\u010denici su sa [&hellip;]<\/p>\n","protected":false},"author":1,"featured_media":0,"comment_status":"open","ping_status":"open","sticky":false,"template":"","format":"standard","meta":[],"categories":[1],"tags":[],"_links":{"self":[{"href":"http:\/\/osnovnaskolakrk.hr\/vrh\/index.php?rest_route=\/wp\/v2\/posts\/1279"}],"collection":[{"href":"http:\/\/osnovnaskolakrk.hr\/vrh\/index.php?rest_route=\/wp\/v2\/posts"}],"about":[{"href":"http:\/\/osnovnaskolakrk.hr\/vrh\/index.php?rest_route=\/wp\/v2\/types\/post"}],"author":[{"embeddable":true,"href":"http:\/\/osnovnaskolakrk.hr\/vrh\/index.php?rest_route=\/wp\/v2\/users\/1"}],"replies":[{"embeddable":true,"href":"http:\/\/osnovnaskolakrk.hr\/vrh\/index.php?rest_route=%2Fwp%2Fv2%2Fcomments&post=1279"}],"version-history":[{"count":1,"href":"http:\/\/osnovnaskolakrk.hr\/vrh\/index.php?rest_route=\/wp\/v2\/posts\/1279\/revisions"}],"predecessor-version":[{"id":1280,"href":"http:\/\/osnovnaskolakrk.hr\/vrh\/index.php?rest_route=\/wp\/v2\/posts\/1279\/revisions\/1280"}],"wp:attachment":[{"href":"http:\/\/osnovnaskolakrk.hr\/vrh\/index.php?rest_route=%2Fwp%2Fv2%2Fmedia&parent=1279"}],"wp:term":[{"taxonomy":"category","embeddable":true,"href":"http:\/\/osnovnaskolakrk.hr\/vrh\/index.php?rest_route=%2Fwp%2Fv2%2Fcategories&post=1279"},{"taxonomy":"post_tag","embeddable":true,"href":"http:\/\/osnovnaskolakrk.hr\/vrh\/index.php?rest_route=%2Fwp%2Fv2%2Ftags&post=1279"}],"curies":[{"name":"wp","href":"https:\/\/api.w.org\/{rel}","templated":true}]}}