{"id":1286,"date":"2016-02-14T17:42:23","date_gmt":"2016-02-14T17:42:23","guid":{"rendered":"http:\/\/osnovnaskolakrk.hr\/vrh\/?p=1286"},"modified":"2016-02-14T17:46:03","modified_gmt":"2016-02-14T17:46:03","slug":"mesopust","status":"publish","type":"post","link":"http:\/\/osnovnaskolakrk.hr\/vrh\/?p=1286","title":{"rendered":"MESOPUST"},"content":{"rendered":"<p><img loading=\"lazy\" class=\"size-thumbnail wp-image-1287 alignleft\" src=\"http:\/\/osnovnaskolakrk.hr\/vrh\/wp-content\/uploads\/IMG_5072-150x150.jpg\" alt=\"IMG_5072\" width=\"150\" height=\"150\" srcset=\"http:\/\/osnovnaskolakrk.hr\/vrh\/wp-content\/uploads\/IMG_5072-150x150.jpg 150w, http:\/\/osnovnaskolakrk.hr\/vrh\/wp-content\/uploads\/IMG_5072-50x50.jpg 50w\" sizes=\"(max-width: 150px) 100vw, 150px\" \/>U utorak 9.2.2016., obilje\u017eili smo zadnji dan ma\u0161kara, odnosno Mesopust.<\/p>\n<p>U\u010denici 8. razreda priredili su lijepu zabavu nakon drugog \u0161kolskog sata u \u0161kolskoj dvorani za sve nastavnike i u\u010denike ni\u017eih i vi\u0161ih razreda. Plesali smo i pjevali, a uz stru\u010dni \u017eiri, nagra\u0111ene su bile one najljep\u0161e i najsmje\u0161nije maske, kao i one najstra\u0161nije me\u0111u u\u010denicima. Ma\u0161karana zabava je zavr\u0161ila u 11.15 sati te su svi u\u010denici bili ispra\u0107eni u svoje buseve.<\/p>\n<p>&nbsp;<\/p>\n<blockquote class=\"imgur-embed-pub\" lang=\"en\" data-id=\"a\/ggrnw\"><p><a href=\"http:\/\/imgur.com\/a\/ggrnw\">View post on imgur.com<\/a><\/p><\/blockquote>\n<p><script async src=\"\/\/s.imgur.com\/min\/embed.js\" charset=\"utf-8\"><\/script><\/p>\n<p>&nbsp;<\/p>\n","protected":false},"excerpt":{"rendered":"<p>U utorak 9.2.2016., obilje\u017eili smo zadnji dan ma\u0161kara, odnosno Mesopust. U\u010denici 8. razreda priredili su lijepu zabavu nakon drugog \u0161kolskog sata u \u0161kolskoj dvorani za sve nastavnike i u\u010denike ni\u017eih i vi\u0161ih razreda. Plesali smo i pjevali, a uz stru\u010dni \u017eiri, nagra\u0111ene su bile one najljep\u0161e i najsmje\u0161nije maske, kao i one najstra\u0161nije me\u0111u u\u010denicima. [&hellip;]<\/p>\n","protected":false},"author":1,"featured_media":0,"comment_status":"open","ping_status":"open","sticky":false,"template":"","format":"standard","meta":[],"categories":[1],"tags":[],"_links":{"self":[{"href":"http:\/\/osnovnaskolakrk.hr\/vrh\/index.php?rest_route=\/wp\/v2\/posts\/1286"}],"collection":[{"href":"http:\/\/osnovnaskolakrk.hr\/vrh\/index.php?rest_route=\/wp\/v2\/posts"}],"about":[{"href":"http:\/\/osnovnaskolakrk.hr\/vrh\/index.php?rest_route=\/wp\/v2\/types\/post"}],"author":[{"embeddable":true,"href":"http:\/\/osnovnaskolakrk.hr\/vrh\/index.php?rest_route=\/wp\/v2\/users\/1"}],"replies":[{"embeddable":true,"href":"http:\/\/osnovnaskolakrk.hr\/vrh\/index.php?rest_route=%2Fwp%2Fv2%2Fcomments&post=1286"}],"version-history":[{"count":2,"href":"http:\/\/osnovnaskolakrk.hr\/vrh\/index.php?rest_route=\/wp\/v2\/posts\/1286\/revisions"}],"predecessor-version":[{"id":1292,"href":"http:\/\/osnovnaskolakrk.hr\/vrh\/index.php?rest_route=\/wp\/v2\/posts\/1286\/revisions\/1292"}],"wp:attachment":[{"href":"http:\/\/osnovnaskolakrk.hr\/vrh\/index.php?rest_route=%2Fwp%2Fv2%2Fmedia&parent=1286"}],"wp:term":[{"taxonomy":"category","embeddable":true,"href":"http:\/\/osnovnaskolakrk.hr\/vrh\/index.php?rest_route=%2Fwp%2Fv2%2Fcategories&post=1286"},{"taxonomy":"post_tag","embeddable":true,"href":"http:\/\/osnovnaskolakrk.hr\/vrh\/index.php?rest_route=%2Fwp%2Fv2%2Ftags&post=1286"}],"curies":[{"name":"wp","href":"https:\/\/api.w.org\/{rel}","templated":true}]}}