{"id":1289,"date":"2016-02-14T17:44:56","date_gmt":"2016-02-14T17:44:56","guid":{"rendered":"http:\/\/osnovnaskolakrk.hr\/vrh\/?p=1289"},"modified":"2016-02-14T17:51:39","modified_gmt":"2016-02-14T17:51:39","slug":"priredba-povodom-valentinova-u-ps-vrhu","status":"publish","type":"post","link":"http:\/\/osnovnaskolakrk.hr\/vrh\/?p=1289","title":{"rendered":"Priredba povodom Valentinova u P\u0160 Vrhu"},"content":{"rendered":"<p><em><img loading=\"lazy\" class=\"size-thumbnail wp-image-1290 alignleft\" src=\"http:\/\/osnovnaskolakrk.hr\/vrh\/wp-content\/uploads\/IMG_3320-150x150.jpg\" alt=\"IMG_3320\" width=\"150\" height=\"150\" srcset=\"http:\/\/osnovnaskolakrk.hr\/vrh\/wp-content\/uploads\/IMG_3320-150x150.jpg 150w, http:\/\/osnovnaskolakrk.hr\/vrh\/wp-content\/uploads\/IMG_3320-50x50.jpg 50w\" sizes=\"(max-width: 150px) 100vw, 150px\" \/>Najpoznatija teorija o nastanku Valentinova potje\u010de iz drevnog Rima. Car Klaudije naredio je da se njegovi vojnici ne smiju \u017eeniti ili zaru\u010divati, jer je mislio da se vojnici ne\u0107e jako boriti, ve\u0107 \u0107e gledati kako sa\u010duvati \u017eivot. Svi sve\u0107enici odlu\u010dili su po\u0161tovati\u00a0 carevu odluku, osim Valentina. On je potajno vjen\u010dao mlade parove koji su to \u017eeljeli, sve dok ga vlasti nisu ulovile i bacile u tamnicu. Prema nekim teorijama u zatvoru je napisao tamni\u010darevoj k\u0107eri pismo i potpisao se &#8220;Tvoj Valentin&#8221;. Pogubili su ga 14. velja\u010de.<\/em><\/p>\n<p>\u0160kolska priredba povodom Valentinova odr\u017eala se u P\u0160 Vrhu u \u010detvrtak 12. velja\u010de za vrijeme \u010detvrtog \u0161kolskog sata. Priredbu su pripremili u\u010denici 4. razreda i\u00a0 njihova u\u010diteljica Danijela Kosi\u0107 &#8211; \u017du\u017ei\u0107. U\u010denice drugog razreda Nika i Gabrijela recitirale su ljubavne stihove, dok su u\u010denici \u010detvrtog razreda glumili u igrokazu \u201cPjeguljica\u201d. Na samom kraju u\u010denici su zapjevali pjesmu \u201cLjubavna melodija\u201d.<!--more--><\/p>\n<p>Najzanimljiviji dio programa bio je odabir tri najbolja plesna para o kojima je odlu\u010dio stru\u010dni \u017eiri u sastavu u\u010diteljice Alenke Zahije, te u\u010denica Emili Depope, Paule Jure\u0161i\u0107 i Marine Cveli\u0107. Tako\u0111er smo \u010duli odgovore u\u010diteljica o ljubavi i samom Valentinovu. Saznali smo da u\u010diteljice ve\u0107inom slave Valentinovo, te na simboli\u010dan na\u010din obilje\u017ee taj datum uz voljene osobe.<\/p>\n<p>Za\u00a0 kraj podsje\u0107amo da se samo srcem dobro vidi i da Valentinovo treba slaviti svaki dan, a ne samo 14. velja\u010de.<\/p>\n<p><strong>Iznosimo\u00a0 nekoliko zanimljivosti o danu zaljubljenih:<\/strong><\/p>\n<p><strong>\u00a0<\/strong><\/p>\n<ul>\n<li><em>Cvije\u0107e na Valentinovo sebi \u0107e poslati oko 15 % <\/em><\/li>\n<li><em>Najvi\u0161e \u010destitki za Valentinovo dobivaju u\u010ditelji, zatim djeca, majke, supruge i tek onda simpatije.<\/em><\/li>\n<li><em>Talijanski grad Verona u kojem je smje\u0161tena radnja Shakespearove tragedije Romeo i Julija svake godine primi 1000 pisama adresiranih na Juliju.<\/em><\/li>\n<li><em>U srednjem vijeku djevojke su uo\u010di Valentinova jele tvrda kuhana jaja kako bi sanjale svoje budu\u0107e mu\u017eeve.<\/em><\/li>\n<li><em>Oko 3 posto ljudi poklonit \u0107e poklon za Valentinovo svojem ku\u0107nom ljubimcu.<\/em><\/li>\n<li><em>Dan samaca slavi se dan nakon Valentinova.\u00a0<\/em><\/li>\n<\/ul>\n<ul>\n<li><em>U Finskoj se umjesto Valentinova slavi Dan prijatelja.\u00a0<\/em><\/li>\n<li><em>U srednjem vijeku djevojke i mladi\u0107i vukli su imena svog Valentina iz zdjele i nosili ga ispisanog na rukavu tjedan dana. Otuda potje\u010de izraz &#8220;nositi srce u rukavu ili dlanu&#8221;. <\/em><\/li>\n<li><em>Lije\u010dnici su tijekom 19. stolje\u0107a nesretno zaljubljenima savjetovali jesti \u010dokoladu kako bi ubla\u017eili tugu.\u00a0<\/em><\/li>\n<li><em>\u017dene kupe skoro 85 posto ukupno prodanih poklona za Valentinovo.\u00a0<\/em><\/li>\n<li><em>Svake godine na Valentinovo se dogodi 220 000 prosidbi.\u00a0<\/em><\/li>\n<\/ul>\n<blockquote class=\"imgur-embed-pub\" lang=\"en\" data-id=\"a\/FDe8N\"><p><a href=\"http:\/\/imgur.com\/a\/FDe8N\">View post on imgur.com<\/a><\/p><\/blockquote>\n<p><script async src=\"\/\/s.imgur.com\/min\/embed.js\" charset=\"utf-8\"><\/script><\/p>\n<p>&nbsp;<\/p>\n","protected":false},"excerpt":{"rendered":"<p>Najpoznatija teorija o nastanku Valentinova potje\u010de iz drevnog Rima. Car Klaudije naredio je da se njegovi vojnici ne smiju \u017eeniti ili zaru\u010divati, jer je mislio da se vojnici ne\u0107e jako boriti, ve\u0107 \u0107e gledati kako sa\u010duvati \u017eivot. Svi sve\u0107enici odlu\u010dili su po\u0161tovati\u00a0 carevu odluku, osim Valentina. On je potajno vjen\u010dao mlade parove koji su to [&hellip;]<\/p>\n","protected":false},"author":1,"featured_media":0,"comment_status":"open","ping_status":"open","sticky":false,"template":"","format":"standard","meta":[],"categories":[1],"tags":[],"_links":{"self":[{"href":"http:\/\/osnovnaskolakrk.hr\/vrh\/index.php?rest_route=\/wp\/v2\/posts\/1289"}],"collection":[{"href":"http:\/\/osnovnaskolakrk.hr\/vrh\/index.php?rest_route=\/wp\/v2\/posts"}],"about":[{"href":"http:\/\/osnovnaskolakrk.hr\/vrh\/index.php?rest_route=\/wp\/v2\/types\/post"}],"author":[{"embeddable":true,"href":"http:\/\/osnovnaskolakrk.hr\/vrh\/index.php?rest_route=\/wp\/v2\/users\/1"}],"replies":[{"embeddable":true,"href":"http:\/\/osnovnaskolakrk.hr\/vrh\/index.php?rest_route=%2Fwp%2Fv2%2Fcomments&post=1289"}],"version-history":[{"count":3,"href":"http:\/\/osnovnaskolakrk.hr\/vrh\/index.php?rest_route=\/wp\/v2\/posts\/1289\/revisions"}],"predecessor-version":[{"id":1294,"href":"http:\/\/osnovnaskolakrk.hr\/vrh\/index.php?rest_route=\/wp\/v2\/posts\/1289\/revisions\/1294"}],"wp:attachment":[{"href":"http:\/\/osnovnaskolakrk.hr\/vrh\/index.php?rest_route=%2Fwp%2Fv2%2Fmedia&parent=1289"}],"wp:term":[{"taxonomy":"category","embeddable":true,"href":"http:\/\/osnovnaskolakrk.hr\/vrh\/index.php?rest_route=%2Fwp%2Fv2%2Fcategories&post=1289"},{"taxonomy":"post_tag","embeddable":true,"href":"http:\/\/osnovnaskolakrk.hr\/vrh\/index.php?rest_route=%2Fwp%2Fv2%2Ftags&post=1289"}],"curies":[{"name":"wp","href":"https:\/\/api.w.org\/{rel}","templated":true}]}}