{"id":1296,"date":"2016-02-19T07:46:19","date_gmt":"2016-02-19T07:46:19","guid":{"rendered":"http:\/\/osnovnaskolakrk.hr\/vrh\/?p=1296"},"modified":"2016-02-19T07:46:19","modified_gmt":"2016-02-19T07:46:19","slug":"medunarodni-dan-materinskog-jezika","status":"publish","type":"post","link":"http:\/\/osnovnaskolakrk.hr\/vrh\/?p=1296","title":{"rendered":"Me\u0111unarodni dan materinskog jezika"},"content":{"rendered":"<p><img loading=\"lazy\" class=\"size-thumbnail wp-image-1297 alignleft\" src=\"http:\/\/osnovnaskolakrk.hr\/vrh\/wp-content\/uploads\/book-611015_640-150x150.jpg\" alt=\"book-611015_640\" width=\"150\" height=\"150\" srcset=\"http:\/\/osnovnaskolakrk.hr\/vrh\/wp-content\/uploads\/book-611015_640-150x150.jpg 150w, http:\/\/osnovnaskolakrk.hr\/vrh\/wp-content\/uploads\/book-611015_640-50x50.jpg 50w\" sizes=\"(max-width: 150px) 100vw, 150px\" \/>U ovom mjesecu\u00a0 posebnu pozornost zaslu\u017euje Me\u0111unarodni dan materinskog jezika, koji obilje\u017eavamo 21. velja\u010de.\u00a0 Moramo biti svjesni da je upravo materinski jezik osnova kulture i nacionalnog obilje\u017eja svakog naroda.<\/p>\n<p>Stoga neka i taj blagdan bude spomenik hrvatskoj rije\u010di \u2013 onoj u slu\u017ebenom jeziku kao i onoj u svim na\u0161im narje\u010djima (\u0161tokavskom, kajkavskom i \u010dakavskom) jer su sve to sastavnice na\u0161ega materinskog jezika. \u02dd<\/p>\n<p>(Iz \u010ditanke Hrvatskog jezika za 4.razred)<\/p>\n<p>U\u010denici 4. razreda su, uo\u010di obilje\u017eavanja Me\u0111unarodnog dana materinskog jezika, dobili zadatak porazgovarati s djedom ili bakom i zamoliti ih da im ispri\u010daju kakvu \u02dd\u0161toriju\u02ddiz djetinjstva\u00a0 i mladih dana.\u00a0 U\u010denici su tu pri\u010du zapisali onako\u00a0 kako im je prepri\u010dana, na doma\u0107en jeziku.<\/p>\n<p>Evo nekoliko najzanimljivijih:<\/p>\n<p><!--more--><\/p>\n<p>BAKA U BLATU<\/p>\n<p>Bil je ru\u017ean dan. Ki\u0161a je curila s krovi, a u dvoru su race plivale po velikoj lokvi.<\/p>\n<p>Deda je rekal baki da su prasci jako gladni jer krulju.<\/p>\n<p>\u02ddAjde u kuj\u00b4nu, zagrij onaj napoj iz zdele, dodaj posije i daj jim odma\u00b4 jist\u02dd, rekal je jo\u0161 glasnije ispred \u0161tale da ga baka bolje \u010duje jer je ve\u0107 malo oglu\u0161ila. Baki se ba\u0161 odma\u00b4 nije dalo dignut od stola jer je ba\u0161 slatko srkala kafu, ali kaj \u0107e \u2013 mora slu\u0161at dedu.<\/p>\n<p>Zela je napoj, a napoj je bil fest moson, i metnila ga na \u0161paret. Kad je sve to spremila u amper, krenila je u dvor prema pra\u0161\u0107aku. Na noga je imala stare, kliske postole. Jo\u0161 ni pravo zakora\u010dila, opanki su bili ispod vode i blata, a amper s masnim jilom za prasce prevagnul je baku na jednu stranu i ona se odma na\u0161la mesto rac u lokvi s napojem.<\/p>\n<p>Ljuta baka iskala je \u0161to \u0107e ru\u017enije izgovoriti dedi koji se ispod \u0161ajera smijal na sav glas, iako je znal da ne\u010dedu do jutro pripovidati.<\/p>\n<p>Emili Deopope, \u010dija baka \u017eivi u Ogulinu<\/p>\n<p>KOZA \u0160ARKA<\/p>\n<p>Nisam mogao i\u0107i kod none u \u010ci\u017ei\u0107e pa sam ju nazvao i zamolio da mi ispri\u010da jedan doga\u0111aj iz djetinjstva. I ispri\u010dala mi je.<\/p>\n<p>\u02ddKad sam bila mala imeli smo kozu \u0160arku. Jako san je volela. Imela je \u010duda mlika i jako je bi\u00b4 dobar njezin sir. \u010cudi puti san ju pejala na pa\u0161u. Bila mi je k\u00b4o prijateljica. Ondat je jedan dan pri\u0161o\u00b4 otac doma i reko da ju moramo zaklat. Plakala son \u010duda dan, nisan mogla ni jist, ni pit, a jo\u0161 monje spat.\u02dd<\/p>\n<p>I tako mi se moja nona rastu\u017eila, ali je rekla da nema veze, samo da mi je pomogla. Da sam bio tamo, rado bih je zagrlio.<\/p>\n<p>Matej Kosi\u0107, \u010dija nona \u017eivi u \u010ci\u017ei\u0107ima<\/p>\n<p>&nbsp;<\/p>\n<p>DJETINJSTVO<\/p>\n<p>Kad je moja baba bila dite, nisu imili ni struje, ni kompjuteri, a bome ni televizije.<\/p>\n<p>Nisu se puno igrali, a\u0161 su morali pomo\u0107 materi i ocu. Hodili su svaki dan po opce pa bi se po putu kuntrali z drugu dicu i po\u0107akulali. Igrali bi se lovice, skriva\u010da, slipoga mi\u0161a. Igra\u010dke ni bilo za kupit pa su sami delali frulice od jesena. Glavicu od frmentuna bi z dretvu vezali i ondat bi s tin tarankali po klanci.<\/p>\n<p>Nikada dica nisu puno toga imili, ma su se lipo igrali i bili veseli!<\/p>\n<p>Josip Depikolozvane, \u010dija baba \u017eivi u Baj\u010di\u0107ima<\/p>\n","protected":false},"excerpt":{"rendered":"<p>U ovom mjesecu\u00a0 posebnu pozornost zaslu\u017euje Me\u0111unarodni dan materinskog jezika, koji obilje\u017eavamo 21. velja\u010de.\u00a0 Moramo biti svjesni da je upravo materinski jezik osnova kulture i nacionalnog obilje\u017eja svakog naroda. Stoga neka i taj blagdan bude spomenik hrvatskoj rije\u010di \u2013 onoj u slu\u017ebenom jeziku kao i onoj u svim na\u0161im narje\u010djima (\u0161tokavskom, kajkavskom i \u010dakavskom) jer [&hellip;]<\/p>\n","protected":false},"author":1,"featured_media":0,"comment_status":"open","ping_status":"open","sticky":false,"template":"","format":"standard","meta":[],"categories":[1],"tags":[],"_links":{"self":[{"href":"http:\/\/osnovnaskolakrk.hr\/vrh\/index.php?rest_route=\/wp\/v2\/posts\/1296"}],"collection":[{"href":"http:\/\/osnovnaskolakrk.hr\/vrh\/index.php?rest_route=\/wp\/v2\/posts"}],"about":[{"href":"http:\/\/osnovnaskolakrk.hr\/vrh\/index.php?rest_route=\/wp\/v2\/types\/post"}],"author":[{"embeddable":true,"href":"http:\/\/osnovnaskolakrk.hr\/vrh\/index.php?rest_route=\/wp\/v2\/users\/1"}],"replies":[{"embeddable":true,"href":"http:\/\/osnovnaskolakrk.hr\/vrh\/index.php?rest_route=%2Fwp%2Fv2%2Fcomments&post=1296"}],"version-history":[{"count":1,"href":"http:\/\/osnovnaskolakrk.hr\/vrh\/index.php?rest_route=\/wp\/v2\/posts\/1296\/revisions"}],"predecessor-version":[{"id":1298,"href":"http:\/\/osnovnaskolakrk.hr\/vrh\/index.php?rest_route=\/wp\/v2\/posts\/1296\/revisions\/1298"}],"wp:attachment":[{"href":"http:\/\/osnovnaskolakrk.hr\/vrh\/index.php?rest_route=%2Fwp%2Fv2%2Fmedia&parent=1296"}],"wp:term":[{"taxonomy":"category","embeddable":true,"href":"http:\/\/osnovnaskolakrk.hr\/vrh\/index.php?rest_route=%2Fwp%2Fv2%2Fcategories&post=1296"},{"taxonomy":"post_tag","embeddable":true,"href":"http:\/\/osnovnaskolakrk.hr\/vrh\/index.php?rest_route=%2Fwp%2Fv2%2Ftags&post=1296"}],"curies":[{"name":"wp","href":"https:\/\/api.w.org\/{rel}","templated":true}]}}