{"id":1312,"date":"2016-03-02T06:56:00","date_gmt":"2016-03-02T06:56:00","guid":{"rendered":"http:\/\/osnovnaskolakrk.hr\/vrh\/?p=1312"},"modified":"2016-03-02T06:56:00","modified_gmt":"2016-03-02T06:56:00","slug":"stoti-dan-nastave","status":"publish","type":"post","link":"http:\/\/osnovnaskolakrk.hr\/vrh\/?p=1312","title":{"rendered":"STOTI DAN NASTAVE"},"content":{"rendered":"<p><img loading=\"lazy\" class=\"size-thumbnail wp-image-1313 alignleft\" src=\"http:\/\/osnovnaskolakrk.hr\/vrh\/wp-content\/uploads\/Honeyview_DSCN0125-150x150.jpg\" alt=\"Honeyview_DSCN0125\" width=\"150\" height=\"150\" srcset=\"http:\/\/osnovnaskolakrk.hr\/vrh\/wp-content\/uploads\/Honeyview_DSCN0125-150x150.jpg 150w, http:\/\/osnovnaskolakrk.hr\/vrh\/wp-content\/uploads\/Honeyview_DSCN0125-50x50.jpg 50w\" sizes=\"(max-width: 150px) 100vw, 150px\" \/>Bez obzira \u0161to smo\u00a0 zakasnili prijaviti se u e-Twining\u00a0 projekt\u00a0 \u02dd100 dan \u0161kole\u02dd,\u00a0 ipak smo ga obilje\u017eili u ponedjeljak, 15. velja\u010de 2016.g. Nastavu smo imali kao i obi\u010dno, po rasporedu sati, ali u znaku broja 100.<\/p>\n<p>Izra\u0111ivali smo \u00a0plakat \u02dd100 rije\u010di sa ije, je, \u010d, \u0107, d\u017e, \u0111\u02dd, \u00a0napisali pri\u010du \u2013 STOry, ispisali STOtinu lijepih rije\u010di, izraza i dobrih djela, napisali \u010destitku za STOTI dan nastave koriste\u0107i STOtinu slova glagoljice, tr\u010dali STO sekundi i \u010dak STO puta presko\u010dili vija\u010du. Uz to jo\u0161 smo brojili, zbrajali, mno\u017eili, dijelili i procjenjivali \u2013 sve u znaku tog troznamenkastog broja.<\/p>\n<p>Mo\u017eemo samo re\u0107i da je to bio vrlo zanimljiv dan!<\/p>\n<p>U\u010denici 4. razreda<\/p>\n<blockquote class=\"imgur-embed-pub\" lang=\"en\" data-id=\"a\/7BF2j\"><p><a href=\"http:\/\/imgur.com\/a\/7BF2j\">View post on imgur.com<\/a><\/p><\/blockquote>\n<p><script async src=\"\/\/s.imgur.com\/min\/embed.js\" charset=\"utf-8\"><\/script><\/p>\n","protected":false},"excerpt":{"rendered":"<p>Bez obzira \u0161to smo\u00a0 zakasnili prijaviti se u e-Twining\u00a0 projekt\u00a0 \u02dd100 dan \u0161kole\u02dd,\u00a0 ipak smo ga obilje\u017eili u ponedjeljak, 15. velja\u010de 2016.g. Nastavu smo imali kao i obi\u010dno, po rasporedu sati, ali u znaku broja 100. Izra\u0111ivali smo \u00a0plakat \u02dd100 rije\u010di sa ije, je, \u010d, \u0107, d\u017e, \u0111\u02dd, \u00a0napisali pri\u010du \u2013 STOry, ispisali STOtinu lijepih [&hellip;]<\/p>\n","protected":false},"author":1,"featured_media":0,"comment_status":"open","ping_status":"open","sticky":false,"template":"","format":"standard","meta":[],"categories":[1],"tags":[],"_links":{"self":[{"href":"http:\/\/osnovnaskolakrk.hr\/vrh\/index.php?rest_route=\/wp\/v2\/posts\/1312"}],"collection":[{"href":"http:\/\/osnovnaskolakrk.hr\/vrh\/index.php?rest_route=\/wp\/v2\/posts"}],"about":[{"href":"http:\/\/osnovnaskolakrk.hr\/vrh\/index.php?rest_route=\/wp\/v2\/types\/post"}],"author":[{"embeddable":true,"href":"http:\/\/osnovnaskolakrk.hr\/vrh\/index.php?rest_route=\/wp\/v2\/users\/1"}],"replies":[{"embeddable":true,"href":"http:\/\/osnovnaskolakrk.hr\/vrh\/index.php?rest_route=%2Fwp%2Fv2%2Fcomments&post=1312"}],"version-history":[{"count":1,"href":"http:\/\/osnovnaskolakrk.hr\/vrh\/index.php?rest_route=\/wp\/v2\/posts\/1312\/revisions"}],"predecessor-version":[{"id":1314,"href":"http:\/\/osnovnaskolakrk.hr\/vrh\/index.php?rest_route=\/wp\/v2\/posts\/1312\/revisions\/1314"}],"wp:attachment":[{"href":"http:\/\/osnovnaskolakrk.hr\/vrh\/index.php?rest_route=%2Fwp%2Fv2%2Fmedia&parent=1312"}],"wp:term":[{"taxonomy":"category","embeddable":true,"href":"http:\/\/osnovnaskolakrk.hr\/vrh\/index.php?rest_route=%2Fwp%2Fv2%2Fcategories&post=1312"},{"taxonomy":"post_tag","embeddable":true,"href":"http:\/\/osnovnaskolakrk.hr\/vrh\/index.php?rest_route=%2Fwp%2Fv2%2Ftags&post=1312"}],"curies":[{"name":"wp","href":"https:\/\/api.w.org\/{rel}","templated":true}]}}