{"id":1319,"date":"2016-03-02T07:17:18","date_gmt":"2016-03-02T07:17:18","guid":{"rendered":"http:\/\/osnovnaskolakrk.hr\/vrh\/?p=1319"},"modified":"2016-03-02T07:17:18","modified_gmt":"2016-03-02T07:17:18","slug":"i-nasa-skola-obiljezila-dan-ruzicastih-majca","status":"publish","type":"post","link":"http:\/\/osnovnaskolakrk.hr\/vrh\/?p=1319","title":{"rendered":"I na\u0161a \u0161kola obilje\u017eila Dan ru\u017ei\u010dastih majca"},"content":{"rendered":"<p><span style=\"color: #ff00ff;\"><strong><img loading=\"lazy\" class=\"size-thumbnail wp-image-1320 alignleft\" src=\"http:\/\/osnovnaskolakrk.hr\/vrh\/wp-content\/uploads\/dan-ruzicastih-majica-naslovna-150x150.jpg\" alt=\"dan-ruzicastih-majica-naslovna\" width=\"150\" height=\"150\" \/>Pink Shirt Day<\/strong><\/span> ili<strong><span style=\"color: #ff00ff;\"> Dan ru\u017ei\u010dastih majica<\/span> <\/strong>se u Republici Hrvatskoj obilje\u017eava od 2014. godine. Tradicionalno se obilje\u017eava svake zadnje srijede u mjesecu velja\u010di. Za\u010detnik ideje o obilje\u017eavanju ovog dana u Hrvatskoj je CEPN, <a href=\"http:\/\/www.cepn.hr\/\" target=\"_blank\">Centar za edukaciju i prevenciju nasilja<\/a>.<\/p>\n<p>U srijedu <span style=\"color: #ff00ff;\">24.velja\u010de<\/span> i na\u0161a je\u00a0\u0161kola obilje\u017eila i podr\u017eala\u00a0<span style=\"color: #ff00ff;\"><strong>Dan ru\u017ei\u010dastih majica <\/strong><span style=\"color: #000000;\">te tako dala svoj simboli\u010dan doprinos osvje\u0161\u0107ivanju djece i mladih da je \u0161kola (i zajednica) mjesto nulte tolerancije na nasilje.\u00a0<\/span><\/span><\/p>\n<p>&nbsp;<\/p>\n<p>[huge_it_gallery id=&#8221;23&#8243;]<\/p>\n<p>&nbsp;<\/p>\n","protected":false},"excerpt":{"rendered":"<p>Pink Shirt Day ili Dan ru\u017ei\u010dastih majica se u Republici Hrvatskoj obilje\u017eava od 2014. godine. Tradicionalno se obilje\u017eava svake zadnje srijede u mjesecu velja\u010di. Za\u010detnik ideje o obilje\u017eavanju ovog dana u Hrvatskoj je CEPN, Centar za edukaciju i prevenciju nasilja. U srijedu 24.velja\u010de i na\u0161a je\u00a0\u0161kola obilje\u017eila i podr\u017eala\u00a0Dan ru\u017ei\u010dastih majica te tako dala svoj [&hellip;]<\/p>\n","protected":false},"author":1,"featured_media":0,"comment_status":"open","ping_status":"open","sticky":false,"template":"","format":"standard","meta":[],"categories":[1],"tags":[],"_links":{"self":[{"href":"http:\/\/osnovnaskolakrk.hr\/vrh\/index.php?rest_route=\/wp\/v2\/posts\/1319"}],"collection":[{"href":"http:\/\/osnovnaskolakrk.hr\/vrh\/index.php?rest_route=\/wp\/v2\/posts"}],"about":[{"href":"http:\/\/osnovnaskolakrk.hr\/vrh\/index.php?rest_route=\/wp\/v2\/types\/post"}],"author":[{"embeddable":true,"href":"http:\/\/osnovnaskolakrk.hr\/vrh\/index.php?rest_route=\/wp\/v2\/users\/1"}],"replies":[{"embeddable":true,"href":"http:\/\/osnovnaskolakrk.hr\/vrh\/index.php?rest_route=%2Fwp%2Fv2%2Fcomments&post=1319"}],"version-history":[{"count":1,"href":"http:\/\/osnovnaskolakrk.hr\/vrh\/index.php?rest_route=\/wp\/v2\/posts\/1319\/revisions"}],"predecessor-version":[{"id":1321,"href":"http:\/\/osnovnaskolakrk.hr\/vrh\/index.php?rest_route=\/wp\/v2\/posts\/1319\/revisions\/1321"}],"wp:attachment":[{"href":"http:\/\/osnovnaskolakrk.hr\/vrh\/index.php?rest_route=%2Fwp%2Fv2%2Fmedia&parent=1319"}],"wp:term":[{"taxonomy":"category","embeddable":true,"href":"http:\/\/osnovnaskolakrk.hr\/vrh\/index.php?rest_route=%2Fwp%2Fv2%2Fcategories&post=1319"},{"taxonomy":"post_tag","embeddable":true,"href":"http:\/\/osnovnaskolakrk.hr\/vrh\/index.php?rest_route=%2Fwp%2Fv2%2Ftags&post=1319"}],"curies":[{"name":"wp","href":"https:\/\/api.w.org\/{rel}","templated":true}]}}