{"id":1334,"date":"2016-03-14T10:36:19","date_gmt":"2016-03-14T10:36:19","guid":{"rendered":"http:\/\/osnovnaskolakrk.hr\/vrh\/?p=1334"},"modified":"2016-03-14T10:36:19","modified_gmt":"2016-03-14T10:36:19","slug":"obiljezen-europski-dan-logopedije","status":"publish","type":"post","link":"http:\/\/osnovnaskolakrk.hr\/vrh\/?p=1334","title":{"rendered":"Obilje\u017een Europski dan logopedije"},"content":{"rendered":"<p><strong><img loading=\"lazy\" class=\"size-thumbnail wp-image-1335 alignleft\" src=\"http:\/\/osnovnaskolakrk.hr\/vrh\/wp-content\/uploads\/753-150x150.jpg\" alt=\"753\" width=\"150\" height=\"150\" srcset=\"http:\/\/osnovnaskolakrk.hr\/vrh\/wp-content\/uploads\/753-150x150.jpg 150w, http:\/\/osnovnaskolakrk.hr\/vrh\/wp-content\/uploads\/753-50x50.jpg 50w\" sizes=\"(max-width: 150px) 100vw, 150px\" \/>Povodom <\/strong><strong>Europsk<\/strong><strong>og<\/strong><strong> dan<\/strong><strong>a<\/strong><strong> logoped<\/strong><strong>ije koji se obilje\u017eava 6. o\u017eujka \u0161kolska logopetkinja Vi\u0161nja \u017deks odr\u017eala je predavanje u &#8220;Osnovnoj \u0161koli Fran Krsto Frankopan&#8221;<\/strong><\/p>\n<p>&nbsp;<\/p>\n<p><em>Ve\u0107 desetu godinu Hrvatsko logopedsko dru\u0161tvo u suradnji s CPLOL-om, <\/em><em>glavnim europskim udru\u017eenjem<\/em><em> logopeda, obilje\u017eava Europski dan logopedije. Svake je godine taj dan posve\u0107en odre\u0111enoj problematici s podru\u010dja jezi\u010dno &#8211; govorno<\/em> <em>&#8211;<\/em> <em>glasovne komunikacije kojom se bave logopedi. <\/em><em>Organiziraju se razli\u010dita <\/em><em>predavanja, javne tribine, dani otvorenih vrata i sli\u010dno. Cilj Europskog dana logopedije je prezentacija\u00a0 rada logopeda, te promocija logopeda kao stru\u010dnih i znanstvenih djelatnika\u00a0 \u0161iroj javnosti. <\/em><!--more--><\/p>\n<p><em>\u00a0<\/em><\/p>\n<p><em>\u00a0\u00a0\u00a0\u00a0\u00a0\u00a0\u00a0\u00a0\u00a0\u00a0\u00a0 <\/em>S obzirom na navedenu \u010dinjenicu dugogodi\u0161nja \u0161kolska logopetkinja Vi\u0161nja \u017deks odr\u017eala je u \u010detvrtak \u00a010. o\u017eujka u 16 sati\u00a0 u\u00a0 &#8220;Osnovnoj \u0161koli Fran Krsto Frankopan&#8221; predavanje na\u00a0 temu &#8220;Pred\u010ditala\u010dke i predmatemati\u010dke vje\u0161tine&#8221;.<\/p>\n<p>Navedeno predavanje bilo je prvenstveno namijenjeno u\u010diteljima razredne nastave, odgajateljima, te svakako roditeljima.<\/p>\n<p>Logopetkinja je upozorila na va\u017enost razvijenosti pred\u010ditala\u010dkih vje\u0161tina kao preduvjet za razvijanje vje\u0161tina \u010ditanja s obzirom da je problem dana\u0161njice \u010dinjenica da sve vi\u0161e djece ima izra\u017eene te\u0161ko\u0107e pisanja i matemati\u010dkih sposobnosti (disgrafija, disleksija, diskalkulija).<\/p>\n<p>U svom je predavanju istaknula da je za ovladavanje vje\u0161tina \u010ditanja i pisanja\u00a0 nu\u017eno da djeca imaju razvijen govor i jezik, fonolo\u0161ku svjesnost, vizualnu percepciju i grafomotoriku.<\/p>\n<p>Neizostavna je uloga roditelja u razvijanju\u00a0 navedenih vje\u0161tina (slikovnice, \u010ditanje).<\/p>\n<p>S obzirom na zanimljivost tematike predavanja, mno\u0161tvo novih spoznaja i slikovitih primjera, logopetkinja je zasigurno prenijela u\u010diteljima razredne nastave neke nove ideje koje mogu primijeniti u svakodnevnoj nastavi.<\/p>\n<p>&nbsp;<\/p>\n<p>&nbsp;<\/p>\n<p>&nbsp;<\/p>\n<p>Knji\u017eni\u010darka Antonia Martin\u010di\u0107<\/p>\n<blockquote class=\"imgur-embed-pub\" lang=\"en\" data-id=\"a\/CCgP1\"><p><a href=\"http:\/\/imgur.com\/a\/CCgP1\">View post on imgur.com<\/a><\/p><\/blockquote>\n<p><script async src=\"\/\/s.imgur.com\/min\/embed.js\" charset=\"utf-8\"><\/script><\/p>\n","protected":false},"excerpt":{"rendered":"<p>Povodom Europskog dana logopedije koji se obilje\u017eava 6. o\u017eujka \u0161kolska logopetkinja Vi\u0161nja \u017deks odr\u017eala je predavanje u &#8220;Osnovnoj \u0161koli Fran Krsto Frankopan&#8221; &nbsp; Ve\u0107 desetu godinu Hrvatsko logopedsko dru\u0161tvo u suradnji s CPLOL-om, glavnim europskim udru\u017eenjem logopeda, obilje\u017eava Europski dan logopedije. Svake je godine taj dan posve\u0107en odre\u0111enoj problematici s podru\u010dja jezi\u010dno &#8211; govorno &#8211; [&hellip;]<\/p>\n","protected":false},"author":1,"featured_media":0,"comment_status":"open","ping_status":"open","sticky":false,"template":"","format":"standard","meta":[],"categories":[1],"tags":[],"_links":{"self":[{"href":"http:\/\/osnovnaskolakrk.hr\/vrh\/index.php?rest_route=\/wp\/v2\/posts\/1334"}],"collection":[{"href":"http:\/\/osnovnaskolakrk.hr\/vrh\/index.php?rest_route=\/wp\/v2\/posts"}],"about":[{"href":"http:\/\/osnovnaskolakrk.hr\/vrh\/index.php?rest_route=\/wp\/v2\/types\/post"}],"author":[{"embeddable":true,"href":"http:\/\/osnovnaskolakrk.hr\/vrh\/index.php?rest_route=\/wp\/v2\/users\/1"}],"replies":[{"embeddable":true,"href":"http:\/\/osnovnaskolakrk.hr\/vrh\/index.php?rest_route=%2Fwp%2Fv2%2Fcomments&post=1334"}],"version-history":[{"count":1,"href":"http:\/\/osnovnaskolakrk.hr\/vrh\/index.php?rest_route=\/wp\/v2\/posts\/1334\/revisions"}],"predecessor-version":[{"id":1336,"href":"http:\/\/osnovnaskolakrk.hr\/vrh\/index.php?rest_route=\/wp\/v2\/posts\/1334\/revisions\/1336"}],"wp:attachment":[{"href":"http:\/\/osnovnaskolakrk.hr\/vrh\/index.php?rest_route=%2Fwp%2Fv2%2Fmedia&parent=1334"}],"wp:term":[{"taxonomy":"category","embeddable":true,"href":"http:\/\/osnovnaskolakrk.hr\/vrh\/index.php?rest_route=%2Fwp%2Fv2%2Fcategories&post=1334"},{"taxonomy":"post_tag","embeddable":true,"href":"http:\/\/osnovnaskolakrk.hr\/vrh\/index.php?rest_route=%2Fwp%2Fv2%2Ftags&post=1334"}],"curies":[{"name":"wp","href":"https:\/\/api.w.org\/{rel}","templated":true}]}}