{"id":1378,"date":"2016-04-25T06:27:28","date_gmt":"2016-04-25T06:27:28","guid":{"rendered":"http:\/\/osnovnaskolakrk.hr\/vrh\/?p=1378"},"modified":"2016-04-25T06:27:28","modified_gmt":"2016-04-25T06:27:28","slug":"dan-planeta-zemlje-22-travnja","status":"publish","type":"post","link":"http:\/\/osnovnaskolakrk.hr\/vrh\/?p=1378","title":{"rendered":"Dan planeta Zemlje- 22. travnja"},"content":{"rendered":"<p>I ove godine su polaznici Geografske grupe (Emanuela Baldigara, Katarina Bogdani\u0107, Petra Depikolozvane, Danijela Kosi\u0107, Lorena Stipanovi\u0107 i Dominik Vnuk) prigodnim plakatom obilje\u017eili <strong>Dan planeta Zemlje<\/strong> koji se od 1990. godine obilje\u017eava u Republici Hrvatskoj. Porukom da <em>Zemlja ne pripada \u010dovjeku nego \u010dovjek njoj!<\/em> upozorili su i podsjetili da svakodnevno trebamo \u010duvati okoli\u0161 i sa\u010duvati na\u0161 planet od one\u010di\u0161\u0107enja i zaga\u0111enja jer \u0107emo jedino tako osigurati sebi i budu\u0107im nara\u0161tajima ljepotu na\u0161eg modrozelenog prebivali\u0161ta.<\/p>\n<p><img loading=\"lazy\" class=\"aligncenter wp-image-1380 size-full\" src=\"http:\/\/osnovnaskolakrk.hr\/vrh\/wp-content\/uploads\/DSCN9753-1.jpg\" alt=\"DSCN9753\" width=\"3787\" height=\"2632\" srcset=\"http:\/\/osnovnaskolakrk.hr\/vrh\/wp-content\/uploads\/DSCN9753-1.jpg 3787w, http:\/\/osnovnaskolakrk.hr\/vrh\/wp-content\/uploads\/DSCN9753-1-768x534.jpg 768w, http:\/\/osnovnaskolakrk.hr\/vrh\/wp-content\/uploads\/DSCN9753-1-400x278.jpg 400w\" sizes=\"(max-width: 3787px) 100vw, 3787px\" \/><\/p>\n","protected":false},"excerpt":{"rendered":"<p>I ove godine su polaznici Geografske grupe (Emanuela Baldigara, Katarina Bogdani\u0107, Petra Depikolozvane, Danijela Kosi\u0107, Lorena Stipanovi\u0107 i Dominik Vnuk) prigodnim plakatom obilje\u017eili Dan planeta Zemlje koji se od 1990. godine obilje\u017eava u Republici Hrvatskoj. Porukom da Zemlja ne pripada \u010dovjeku nego \u010dovjek njoj! upozorili su i podsjetili da svakodnevno trebamo \u010duvati okoli\u0161 i sa\u010duvati [&hellip;]<\/p>\n","protected":false},"author":1,"featured_media":0,"comment_status":"open","ping_status":"open","sticky":false,"template":"","format":"standard","meta":[],"categories":[1],"tags":[],"_links":{"self":[{"href":"http:\/\/osnovnaskolakrk.hr\/vrh\/index.php?rest_route=\/wp\/v2\/posts\/1378"}],"collection":[{"href":"http:\/\/osnovnaskolakrk.hr\/vrh\/index.php?rest_route=\/wp\/v2\/posts"}],"about":[{"href":"http:\/\/osnovnaskolakrk.hr\/vrh\/index.php?rest_route=\/wp\/v2\/types\/post"}],"author":[{"embeddable":true,"href":"http:\/\/osnovnaskolakrk.hr\/vrh\/index.php?rest_route=\/wp\/v2\/users\/1"}],"replies":[{"embeddable":true,"href":"http:\/\/osnovnaskolakrk.hr\/vrh\/index.php?rest_route=%2Fwp%2Fv2%2Fcomments&post=1378"}],"version-history":[{"count":1,"href":"http:\/\/osnovnaskolakrk.hr\/vrh\/index.php?rest_route=\/wp\/v2\/posts\/1378\/revisions"}],"predecessor-version":[{"id":1381,"href":"http:\/\/osnovnaskolakrk.hr\/vrh\/index.php?rest_route=\/wp\/v2\/posts\/1378\/revisions\/1381"}],"wp:attachment":[{"href":"http:\/\/osnovnaskolakrk.hr\/vrh\/index.php?rest_route=%2Fwp%2Fv2%2Fmedia&parent=1378"}],"wp:term":[{"taxonomy":"category","embeddable":true,"href":"http:\/\/osnovnaskolakrk.hr\/vrh\/index.php?rest_route=%2Fwp%2Fv2%2Fcategories&post=1378"},{"taxonomy":"post_tag","embeddable":true,"href":"http:\/\/osnovnaskolakrk.hr\/vrh\/index.php?rest_route=%2Fwp%2Fv2%2Ftags&post=1378"}],"curies":[{"name":"wp","href":"https:\/\/api.w.org\/{rel}","templated":true}]}}