{"id":1397,"date":"2016-04-28T06:28:17","date_gmt":"2016-04-28T06:28:17","guid":{"rendered":"http:\/\/osnovnaskolakrk.hr\/vrh\/?p=1397"},"modified":"2016-04-28T06:28:17","modified_gmt":"2016-04-28T06:28:17","slug":"seminar-junior-spasilac-20-22-travnja-2016-g","status":"publish","type":"post","link":"http:\/\/osnovnaskolakrk.hr\/vrh\/?p=1397","title":{"rendered":"Seminar &#8220;Junior spasilac&#8221; (20.- 22. travnja 2016. g.)"},"content":{"rendered":"<p><img loading=\"lazy\" class=\" wp-image-1398 alignleft\" src=\"http:\/\/osnovnaskolakrk.hr\/vrh\/wp-content\/uploads\/DSCN9815-150x150.jpg\" alt=\"DSCN9815\" width=\"151\" height=\"151\" srcset=\"http:\/\/osnovnaskolakrk.hr\/vrh\/wp-content\/uploads\/DSCN9815-150x150.jpg 150w, http:\/\/osnovnaskolakrk.hr\/vrh\/wp-content\/uploads\/DSCN9815-50x50.jpg 50w\" sizes=\"(max-width: 151px) 100vw, 151px\" \/>U\u010denice V. razreda, Iva Magdi\u0107, Lorena Me\u0161i\u0107 i Dana \u017du\u017ei\u0107, sudjelovale su na trodnevnom seminaru &#8220;Junior spasilac&#8221; kojega je organiziralo Gradsko dru\u0161tvo Crvenog kri\u017ea Krk u suradnji sa Slu\u017ebom spa\u0161avanja \u017eivota na vodi. Seminar se odr\u017eavao od 20. do 22. travnja na bazenu Wellness centra Hotela &#8220;Corinthia&#8221; u Ba\u0161ki, a vodili su ga educirani instruktori Spasila\u010dke slu\u017ebe Hrvatskog Crvenog kri\u017ea i doktor medicine.<img loading=\"lazy\" class=\"size-thumbnail wp-image-1399 alignright\" src=\"http:\/\/osnovnaskolakrk.hr\/vrh\/wp-content\/uploads\/DSCN9819-150x150.jpg\" alt=\"DSCN9819\" width=\"150\" height=\"150\" srcset=\"http:\/\/osnovnaskolakrk.hr\/vrh\/wp-content\/uploads\/DSCN9819-150x150.jpg 150w, http:\/\/osnovnaskolakrk.hr\/vrh\/wp-content\/uploads\/DSCN9819-50x50.jpg 50w\" sizes=\"(max-width: 150px) 100vw, 150px\" \/><\/p>\n<p>Na\u0161e peta\u0161ice su uspje\u0161no svladale vje\u0161tine u vodi, vje\u0161tine izvan vode i osnove pru\u017eanja prve pomo\u0107i te su na kraju seminara dobile diplomu. Zna\u010di, potpuno su spremne za nadolaze\u0107u ljetnu sezonu.<\/p>\n<p>\u010cestitamo!<\/p>\n<p>[huge_it_gallery id=&#8221;25&#8243;]<\/p>\n","protected":false},"excerpt":{"rendered":"<p>U\u010denice V. razreda, Iva Magdi\u0107, Lorena Me\u0161i\u0107 i Dana \u017du\u017ei\u0107, sudjelovale su na trodnevnom seminaru &#8220;Junior spasilac&#8221; kojega je organiziralo Gradsko dru\u0161tvo Crvenog kri\u017ea Krk u suradnji sa Slu\u017ebom spa\u0161avanja \u017eivota na vodi. Seminar se odr\u017eavao od 20. do 22. travnja na bazenu Wellness centra Hotela &#8220;Corinthia&#8221; u Ba\u0161ki, a vodili su ga educirani instruktori [&hellip;]<\/p>\n","protected":false},"author":1,"featured_media":0,"comment_status":"open","ping_status":"open","sticky":false,"template":"","format":"standard","meta":[],"categories":[1],"tags":[],"_links":{"self":[{"href":"http:\/\/osnovnaskolakrk.hr\/vrh\/index.php?rest_route=\/wp\/v2\/posts\/1397"}],"collection":[{"href":"http:\/\/osnovnaskolakrk.hr\/vrh\/index.php?rest_route=\/wp\/v2\/posts"}],"about":[{"href":"http:\/\/osnovnaskolakrk.hr\/vrh\/index.php?rest_route=\/wp\/v2\/types\/post"}],"author":[{"embeddable":true,"href":"http:\/\/osnovnaskolakrk.hr\/vrh\/index.php?rest_route=\/wp\/v2\/users\/1"}],"replies":[{"embeddable":true,"href":"http:\/\/osnovnaskolakrk.hr\/vrh\/index.php?rest_route=%2Fwp%2Fv2%2Fcomments&post=1397"}],"version-history":[{"count":1,"href":"http:\/\/osnovnaskolakrk.hr\/vrh\/index.php?rest_route=\/wp\/v2\/posts\/1397\/revisions"}],"predecessor-version":[{"id":1400,"href":"http:\/\/osnovnaskolakrk.hr\/vrh\/index.php?rest_route=\/wp\/v2\/posts\/1397\/revisions\/1400"}],"wp:attachment":[{"href":"http:\/\/osnovnaskolakrk.hr\/vrh\/index.php?rest_route=%2Fwp%2Fv2%2Fmedia&parent=1397"}],"wp:term":[{"taxonomy":"category","embeddable":true,"href":"http:\/\/osnovnaskolakrk.hr\/vrh\/index.php?rest_route=%2Fwp%2Fv2%2Fcategories&post=1397"},{"taxonomy":"post_tag","embeddable":true,"href":"http:\/\/osnovnaskolakrk.hr\/vrh\/index.php?rest_route=%2Fwp%2Fv2%2Ftags&post=1397"}],"curies":[{"name":"wp","href":"https:\/\/api.w.org\/{rel}","templated":true}]}}