{"id":1403,"date":"2016-04-28T06:32:56","date_gmt":"2016-04-28T06:32:56","guid":{"rendered":"http:\/\/osnovnaskolakrk.hr\/vrh\/?p=1403"},"modified":"2016-04-28T06:32:56","modified_gmt":"2016-04-28T06:32:56","slug":"memorijalni-centar-lipa-pamti-i-opatija-22-travnja-2016-godine","status":"publish","type":"post","link":"http:\/\/osnovnaskolakrk.hr\/vrh\/?p=1403","title":{"rendered":"Memorijalni centar Lipa pamti i Opatija (22. travnja 2016. godine)"},"content":{"rendered":"<p><img loading=\"lazy\" class=\"size-thumbnail wp-image-1402 alignleft\" src=\"http:\/\/osnovnaskolakrk.hr\/vrh\/wp-content\/uploads\/IMG_1461-150x150.jpg\" alt=\"IMG_1461\" width=\"150\" height=\"150\" srcset=\"http:\/\/osnovnaskolakrk.hr\/vrh\/wp-content\/uploads\/IMG_1461-150x150.jpg 150w, http:\/\/osnovnaskolakrk.hr\/vrh\/wp-content\/uploads\/IMG_1461-50x50.jpg 50w\" sizes=\"(max-width: 150px) 100vw, 150px\" \/>Nakon organizacije obilje\u017eavanja Dana sje\u0107anja na holokaust i sprje\u010davanja zlo\u010dina protiv \u010dovje\u010dnosti u sije\u010dnju ove godine, nastavljena je suradnja izme\u0111u stru\u010dnog aktiva u\u010ditelja povijesti O\u0160 &#8220;Fran Krsto Frankopan&#8221; Krk i O\u0160 &#8220;Omi\u0161alj&#8221; Omi\u0161alj i Udruge antifa\u0161isti\u010dkih boraca i antifa\u0161ista otoka Krka organizacijom i realizacijom terenske nastave za u\u010denike osmih razreda u Memorijalnom centru <em>Lipa pamti<\/em> i Opatiji, 22. travnja 2016. godine. U\u010denike kr\u010dkih osnovnih \u0161kola (M\u0160 Krk 10 u\u010denika, P\u0160 Vrh 16 u\u010denika, P\u0160 Ba\u0161ka 6 u\u010denika, P\u0160 Vrbnik 5 u\u010denika, M\u0160 Omi\u0161alj 2 u\u010denika i P\u0160 Dobrinj 6 u\u010denika) vodili su njihovi u\u010ditelji povijesti Iva Dujmovi\u0107, Dina Valkovi\u0107 i Tvrtko Bo\u017ei\u0107, te gospodin Darko Fanuko, predsjednik Udruge antifa\u0161isti\u010dkih boraca i antifa\u0161ista otoka Krka.<\/p>\n<p><img loading=\"lazy\" class=\"size-thumbnail wp-image-1401 alignleft\" src=\"http:\/\/osnovnaskolakrk.hr\/vrh\/wp-content\/uploads\/IMG_1450-150x150.jpg\" alt=\"IMG_1450\" width=\"150\" height=\"150\" srcset=\"http:\/\/osnovnaskolakrk.hr\/vrh\/wp-content\/uploads\/IMG_1450-150x150.jpg 150w, http:\/\/osnovnaskolakrk.hr\/vrh\/wp-content\/uploads\/IMG_1450-50x50.jpg 50w\" sizes=\"(max-width: 150px) 100vw, 150px\" \/>Memorijalni centar <em>Lipa pamti<\/em>, kao izdvojena zbirka Pomorskog i povijesnog muzeja\u00a0 Hrvatskog primorja, otvoren je 8. travnja 2015. godine u Lipi, malom selu u Op\u0107ini Matulji. Centar\u00a0se nalazi u\u00a0obnovljenoj zgradi nekada\u0161nje osnovne \u0161kole\u00a0u sredi\u0161tu mjesta. Na njegovom\u00a0prvom katu nalaze se prostori u kojima se detaljno opisuje stradanje Lipe i njezinih mje\u0161tana, ali i \u0161iri kontekst ratnih zbivanja, dok \u0107e u suterenu u bliskoj\u00a0 budu\u0107nosti biti smje\u0161tena etnografska zbirka. U prizemlju se uz info-centar nalazi\u00a0vi\u0161enamjenska dvorana\u00a0sa stalnom izlo\u017ebom o povijesti mjesta. Centar je zami\u0161ljen kao zavi\u010dajni muzej, odnosno interpretacijski centar za ba\u0161tinu \u0161ireg Liburnijskog krasa. U istom prostoru je\u00a0od 1969. do 1989. godine djelovao\u00a0Spomen muzej Lipa,\u00a0a\u00a0ponovno otvaranje i obnovu muzeja koji je\u00a0od tada\u00a0stajao zatvoren potaknula je Op\u0107ina Matulji, na poticaj\u00a0Saveza antifa\u0161isti\u010dkih boraca\u00a0Primorsko- goranske \u017eupanije, te \u00a0uz podr\u0161ku Ministarstva kulture i Primorsko-goranske \u017eupanije.<!--more--><\/p>\n<p>Centar \u010duva uspomenu na veliko stradanje mjesta 30. travnja 1944. godine u kojem je nacisti\u010dka vojska likvidirala 269 \u017eitelja Lipe, a selo do temelja spalila. Zbog razmjera zlo\u010dina kao i zbog \u010dinjenice da je u tom \u010dinu krajnje ne\u010dovje\u010dnosti stradalo 96 djece, Lipa se navodi u dokumentaciji Ujedinjenih naroda kao jedno od tri europska mjesta (uz \u010de\u0161ke Lidice i francuski Oradour- sur- Glane) koja su u potpunosti stradala tijekom Drugog svjetskog rata. Dok su \u010de\u0161ko i francusko mjesto nakon rata izgra\u0111eni na drugim lokacijama, Lipa je obnovljena na istom mjestu \u0161to je i danas vidljivo na ostacima ku\u0107a koje su spaljene prije 72 godine.<\/p>\n<p>Kr\u010dke osma\u0161e u Lipi je do\u010dekao Branko Afri\u0107, predsjednik Udruge antifa\u0161isti\u010dkih boraca i antifa\u0161ista Liburnije. On je i prvo dijete ro\u0111eno u Lipi poslije rata. Gospodin Afri\u0107 je ispred spomen- obilje\u017eja poginulim Lipljanima u antifa\u0161isti\u010dkoj borbi upoznao u\u010denike o okolnostima njihova stradanja i borbenim operacijama koje su se odvijale na podru\u010dju Lipe i okolice u vrijeme Drugoga svjetskog rata. U Memorijalnom centru i lokalitetima u Lipi u\u010denike su vodili Vana Govi\u0107, kustosica Centra i kustos pripravnik<strong>\u00a0<\/strong><strong>Aleksandar- Ivan Tati\u0107 koji su u\u010denicima prezentirali razloge i okolnosti stradanja u Lipi smjestiv\u0161i taj stra\u0161ni zlo\u010din u kontekst Drugoga svjetskog rata na podru\u010dju Krasa. Rabe\u0107i povijesnu dokumentaciju (osobna svjedo\u010danstva, fotografije, pisani izvori) u\u010denici su se upoznali sa individualnim stradanjima, te lokalitetima sje\u0107anja u samom mjestu. Cilj ovakvog na\u010dina produbljivanja nastavnog gradiva iz povijesti Drugoga svjetskog rata je o\u010duvanje memorijalne ba\u0161tine, ali pored toga i usvajanje nastavnih sadr\u017eaja na povijesnom mjestu pri \u010demu se na zoran na\u010din primjenjuje metoda u\u010denja temeljena na iskustvu i neposrednom do\u017eivljaju kulturno- povijesne ba\u0161tine. Tragi\u010dna povijesna pri\u010da o stradanju mje\u0161tana Lipe poti\u010de u\u010denike na kriti\u010dko razmi\u0161ljanje o statusu civila u ratovima, njihovoj za\u0161titi, kao i na osvje\u0161tavanju temeljnih ljudskih vrijednosti i prava. <\/strong><\/p>\n<p><strong>Nakon polo\u017eenih svije\u0107a u kosturnici na ostacima ku\u0107e br. 20 gdje se dogodio zlo\u010din nad mje\u0161tanima Lipe, u\u010denici su se oprostili od svojih doma\u0107ina i uputili prema Opatiji. <\/strong><\/p>\n<p>U Opatiji je u\u010denike do\u010dekala gospo\u0111a Suzana Cvjetkovi\u0107, tajnica Udruge antifa\u0161isti\u010dkih boraca i antifa\u0161ista Opatije koja je putem u\u010denike upoznala sa povije\u0161\u0107u Opatije uz naglasak na razvoj mjesta kao turisti\u010dke destinacije koja se kao takva po\u010dela razvijati od druge polovice XIX. stolje\u0107a da bi danas Opatija figurirala kao turisti\u010dki biser Kvarnera. Primarni cilj dolaska u Opatiju ipak nije bilo turisti\u010dki razgled nego jo\u0161 jedna tragi\u010dna epizoda iz vremena Drugoga svjetskog rata. Uz cestu koja iz Opatije vodi prema I\u010di\u0107ima nalazi se, danas ure\u0111eni, Spomen park- JAMA I\u010di\u0107i u kojem je u\u010denike do\u010dekao Bruno Star\u010di\u0107, predsjednik Udruge antifa\u0161isti\u010dkih boraca i antifa\u0161ista Opatije koji je objasnio \u0161to se dogodilo na ovom lokalitetu. Naime, Spomen- park \u010duva sje\u0107anje na no\u0107 24. travnja 1945. godine kada je iz rije\u010dkog zatvora &#8220;Via Roma&#8221; pod pratnjom njema\u010dkih vojnika u nepoznatom pravcu odvedeno 37 zatvorenika. Iste no\u0107i su ubijeni i ba\u010deni u kr\u0161ku jamu I\u010di\u0107i. Nakon rata (Opatija je oslobo\u0111ena 29. travnja) jama, koja je podzemnim sustavom povezana s morem, sama je otkrila tijela ubijenih. Identificirano je 19 \u017ertava, a radi se o antifa\u0161istima sa \u0161ireg liburnijskog podru\u010dja \u010dija su imena uklesana u spomen- obilje\u017eje u parku. U\u010denici su polo\u017eili svije\u0107u kod spomen- obilje\u017eja i minutom \u0161utnje odali po\u010dast \u017ertvama ovog bezumnog zlo\u010dina.<\/p>\n<p>Nakon toga u\u010denici su se uputili prema Opatiji gdje je uslijedila kratka \u0161etnja opatijskim Parkom Angiolina uz izvanjski razgled <em>Ville Angioline<\/em> (kao vilu za odmor otvorio ju je 1844. godine njezin tada\u0161nji vlasnik, rije\u010dki trgovac Iginio Scarpa \u010dime je postavio temelje opatijskog turizma) u kojoj se danas nalazi Hrvatski muzej turizma. Razgled Opatije nastavio se obilaskom najstarijeg hrvatskog hotela na Jadranu, <em>Hotela Kvarner<\/em> (utemeljen 1884. godine), te zavr\u0161io \u0161etnicom na kraju koje se nalazi <em>Djevojka s galebom<\/em>, poznati simbol dana\u0161nje Opatije. Nakon predaha uslijedio je povratak na otok Krk.<\/p>\n<p>Time je okon\u010dan ovaj jednodnevni terenski izlazak namijenjen u\u010denicima osmog razreda kr\u010dkih osnovnih \u0161kola. Organizaciju i financijsku podr\u0161ku bez koje bio on bio te\u0161ko izvediv nesebi\u010dno je na sebe preuzela Udruga antifa\u0161isti\u010dkih boraca i antifa\u0161ista otoka Krka \u010dijem se predsjedniku, gospodinu Darku Fanuku, kr\u010dki osma\u0161i i njihovi u\u010ditelji povijesti najsrda\u010dnije zahvaljuju.<\/p>\n<p>&nbsp;<\/p>\n<p>&nbsp;<\/p>\n<p>Izvje\u0161\u0107e sastavio:<\/p>\n<p>Tvrtko Bo\u017ei\u0107<\/p>\n<p>voditelj stru\u010dnog aktiva u\u010ditelja povijesti O\u0160 &#8220;Fran Krsto Frankopan&#8221; Krk<\/p>\n<blockquote class=\"imgur-embed-pub\" lang=\"en\" data-id=\"a\/g9ONK\"><p><a href=\"http:\/\/imgur.com\/a\/g9ONK\">View post on imgur.com<\/a><\/p><\/blockquote>\n<p><script async src=\"\/\/s.imgur.com\/min\/embed.js\" charset=\"utf-8\"><\/script><\/p>\n<p>&nbsp;<\/p>\n<p>&nbsp;<\/p>\n","protected":false},"excerpt":{"rendered":"<p>Nakon organizacije obilje\u017eavanja Dana sje\u0107anja na holokaust i sprje\u010davanja zlo\u010dina protiv \u010dovje\u010dnosti u sije\u010dnju ove godine, nastavljena je suradnja izme\u0111u stru\u010dnog aktiva u\u010ditelja povijesti O\u0160 &#8220;Fran Krsto Frankopan&#8221; Krk i O\u0160 &#8220;Omi\u0161alj&#8221; Omi\u0161alj i Udruge antifa\u0161isti\u010dkih boraca i antifa\u0161ista otoka Krka organizacijom i realizacijom terenske nastave za u\u010denike osmih razreda u Memorijalnom centru Lipa pamti [&hellip;]<\/p>\n","protected":false},"author":1,"featured_media":0,"comment_status":"open","ping_status":"open","sticky":false,"template":"","format":"standard","meta":[],"categories":[1],"tags":[],"_links":{"self":[{"href":"http:\/\/osnovnaskolakrk.hr\/vrh\/index.php?rest_route=\/wp\/v2\/posts\/1403"}],"collection":[{"href":"http:\/\/osnovnaskolakrk.hr\/vrh\/index.php?rest_route=\/wp\/v2\/posts"}],"about":[{"href":"http:\/\/osnovnaskolakrk.hr\/vrh\/index.php?rest_route=\/wp\/v2\/types\/post"}],"author":[{"embeddable":true,"href":"http:\/\/osnovnaskolakrk.hr\/vrh\/index.php?rest_route=\/wp\/v2\/users\/1"}],"replies":[{"embeddable":true,"href":"http:\/\/osnovnaskolakrk.hr\/vrh\/index.php?rest_route=%2Fwp%2Fv2%2Fcomments&post=1403"}],"version-history":[{"count":1,"href":"http:\/\/osnovnaskolakrk.hr\/vrh\/index.php?rest_route=\/wp\/v2\/posts\/1403\/revisions"}],"predecessor-version":[{"id":1404,"href":"http:\/\/osnovnaskolakrk.hr\/vrh\/index.php?rest_route=\/wp\/v2\/posts\/1403\/revisions\/1404"}],"wp:attachment":[{"href":"http:\/\/osnovnaskolakrk.hr\/vrh\/index.php?rest_route=%2Fwp%2Fv2%2Fmedia&parent=1403"}],"wp:term":[{"taxonomy":"category","embeddable":true,"href":"http:\/\/osnovnaskolakrk.hr\/vrh\/index.php?rest_route=%2Fwp%2Fv2%2Fcategories&post=1403"},{"taxonomy":"post_tag","embeddable":true,"href":"http:\/\/osnovnaskolakrk.hr\/vrh\/index.php?rest_route=%2Fwp%2Fv2%2Ftags&post=1403"}],"curies":[{"name":"wp","href":"https:\/\/api.w.org\/{rel}","templated":true}]}}