{"id":1411,"date":"2016-05-18T10:53:54","date_gmt":"2016-05-18T10:53:54","guid":{"rendered":"http:\/\/osnovnaskolakrk.hr\/vrh\/?p=1411"},"modified":"2016-05-18T10:54:41","modified_gmt":"2016-05-18T10:54:41","slug":"ekskurzija-osmasa-u-dubrovnik","status":"publish","type":"post","link":"http:\/\/osnovnaskolakrk.hr\/vrh\/?p=1411","title":{"rendered":"Ekskurzija osma\u0161a u Dubrovnik"},"content":{"rendered":"<p><img loading=\"lazy\" class=\"size-thumbnail wp-image-1412 alignleft\" src=\"http:\/\/osnovnaskolakrk.hr\/vrh\/wp-content\/uploads\/P5100070-150x150.jpg\" alt=\"P5100070\" width=\"150\" height=\"150\" srcset=\"http:\/\/osnovnaskolakrk.hr\/vrh\/wp-content\/uploads\/P5100070-150x150.jpg 150w, http:\/\/osnovnaskolakrk.hr\/vrh\/wp-content\/uploads\/P5100070-50x50.jpg 50w\" sizes=\"(max-width: 150px) 100vw, 150px\" \/>Od utorka 10.5. do petka 13.5. u\u010denici osmog razreda, zajedno s u\u010denicima P\u0160 Punat te O\u0160 Omi\u0161alj \u00a0i njihovim razrednicama bili su na ekskurziji u Dalmaciji, s odredi\u0161tem i smje\u0161tajem u Dubrovniku, u hotelu Adriatic **. Hotel je bio zadovoljavaju\u0107i (usprkos samo dvjema zvjezdicama), hrana tako\u0111er, a raspolo\u017eenje na vrhuncu. Realizirali smo plan u potpunosti iako nam vrijeme nije bilo uvijek naklonjeno.<\/p>\n<p>Po danima to izgleda ovako:<\/p>\n<p>Prvi dan: Posjet Trogiru i Splitu uz stru\u010dno vodstvo Splitom<\/p>\n<p>Drugi dan: Dubrovnik, \u0161etnja Stradunom \u00a0uz stru\u010dno vodstvo, posjet oto\u010di\u0107u Lokrumu<\/p>\n<p>Tre\u0107i dan: \u0160etnja dubrova\u010dkim zidinama (po ki\u0161i), vo\u017enja \u017ei\u010darom do Sr\u0111a<\/p>\n<p>\u010cetvrti dan: Posjet i razgled Kor\u010dule uz stru\u010dno vodstvo<\/p>\n<p>Vratili smo se ku\u0107ama u sitnim no\u0107nim satima umorni, ali pametniji i bogatiji za neka nova iskustva i dru\u017eenja.<\/p>\n<p><img loading=\"lazy\" class=\"alignleft wp-image-1416 size-thumbnail\" src=\"http:\/\/osnovnaskolakrk.hr\/vrh\/wp-content\/uploads\/P5130131-150x150.jpg\" alt=\"P5130131\" width=\"150\" height=\"150\" srcset=\"http:\/\/osnovnaskolakrk.hr\/vrh\/wp-content\/uploads\/P5130131-150x150.jpg 150w, http:\/\/osnovnaskolakrk.hr\/vrh\/wp-content\/uploads\/P5130131-50x50.jpg 50w\" sizes=\"(max-width: 150px) 100vw, 150px\" \/> <img loading=\"lazy\" class=\"alignnone wp-image-1414 size-thumbnail\" src=\"http:\/\/osnovnaskolakrk.hr\/vrh\/wp-content\/uploads\/P5110099-150x150.jpg\" alt=\"P5110099\" width=\"150\" height=\"150\" srcset=\"http:\/\/osnovnaskolakrk.hr\/vrh\/wp-content\/uploads\/P5110099-150x150.jpg 150w, http:\/\/osnovnaskolakrk.hr\/vrh\/wp-content\/uploads\/P5110099-50x50.jpg 50w\" sizes=\"(max-width: 150px) 100vw, 150px\" \/><\/p>\n","protected":false},"excerpt":{"rendered":"<p>Od utorka 10.5. do petka 13.5. u\u010denici osmog razreda, zajedno s u\u010denicima P\u0160 Punat te O\u0160 Omi\u0161alj \u00a0i njihovim razrednicama bili su na ekskurziji u Dalmaciji, s odredi\u0161tem i smje\u0161tajem u Dubrovniku, u hotelu Adriatic **. Hotel je bio zadovoljavaju\u0107i (usprkos samo dvjema zvjezdicama), hrana tako\u0111er, a raspolo\u017eenje na vrhuncu. Realizirali smo plan u potpunosti [&hellip;]<\/p>\n","protected":false},"author":1,"featured_media":0,"comment_status":"open","ping_status":"open","sticky":false,"template":"","format":"standard","meta":[],"categories":[1],"tags":[],"_links":{"self":[{"href":"http:\/\/osnovnaskolakrk.hr\/vrh\/index.php?rest_route=\/wp\/v2\/posts\/1411"}],"collection":[{"href":"http:\/\/osnovnaskolakrk.hr\/vrh\/index.php?rest_route=\/wp\/v2\/posts"}],"about":[{"href":"http:\/\/osnovnaskolakrk.hr\/vrh\/index.php?rest_route=\/wp\/v2\/types\/post"}],"author":[{"embeddable":true,"href":"http:\/\/osnovnaskolakrk.hr\/vrh\/index.php?rest_route=\/wp\/v2\/users\/1"}],"replies":[{"embeddable":true,"href":"http:\/\/osnovnaskolakrk.hr\/vrh\/index.php?rest_route=%2Fwp%2Fv2%2Fcomments&post=1411"}],"version-history":[{"count":2,"href":"http:\/\/osnovnaskolakrk.hr\/vrh\/index.php?rest_route=\/wp\/v2\/posts\/1411\/revisions"}],"predecessor-version":[{"id":1419,"href":"http:\/\/osnovnaskolakrk.hr\/vrh\/index.php?rest_route=\/wp\/v2\/posts\/1411\/revisions\/1419"}],"wp:attachment":[{"href":"http:\/\/osnovnaskolakrk.hr\/vrh\/index.php?rest_route=%2Fwp%2Fv2%2Fmedia&parent=1411"}],"wp:term":[{"taxonomy":"category","embeddable":true,"href":"http:\/\/osnovnaskolakrk.hr\/vrh\/index.php?rest_route=%2Fwp%2Fv2%2Fcategories&post=1411"},{"taxonomy":"post_tag","embeddable":true,"href":"http:\/\/osnovnaskolakrk.hr\/vrh\/index.php?rest_route=%2Fwp%2Fv2%2Ftags&post=1411"}],"curies":[{"name":"wp","href":"https:\/\/api.w.org\/{rel}","templated":true}]}}