{"id":1423,"date":"2016-05-27T07:50:21","date_gmt":"2016-05-27T07:50:21","guid":{"rendered":"http:\/\/osnovnaskolakrk.hr\/vrh\/?p=1423"},"modified":"2016-05-27T07:50:21","modified_gmt":"2016-05-27T07:50:21","slug":"matematicko-natjecanje-klokan-bez-granica","status":"publish","type":"post","link":"http:\/\/osnovnaskolakrk.hr\/vrh\/?p=1423","title":{"rendered":"Matemati\u010dko natjecanje Klokan bez granica"},"content":{"rendered":"<p>Me\u0111unarodno matemati\u010dko natjecanje koje se odr\u017eava ve\u0107 godinama u cijelom svijetu, odr\u017ealo se ove \u0161kolske godine u Hrvatskoj osamnaesti put, 17. o\u017eujka, u 508 osnovnih i 121 srednjoj \u0161koli. Specifi\u010dnost ovog natjecanja je da u njemu mogu sudjelovati svi u\u010denici od prvog do osmog razreda, bez obzira na uspjeh u redovnoj nastavi. Zadaci zahtijevaju logi\u010dko razmi\u0161ljanje, a podijeljeni su po te\u017eini u tri grupe: zadaci koji se boduju sa 3, 4 i 5 boda. Gotovo svi zadaci su popra\u0107eni slikom, a odgovori se biraju izme\u0111u 5 ponu\u0111enih. U\u010denici rje\u0161avaju zadatke predvi\u0111ene za njihov uzrast: P\u010delice-2.r., Leptiri\u0107i-3.r., Ecolieri-4. i 5.r., Benjamini-6. i 7.r., Cadeti-8.r. i 1.r. s.\u0161. , Juniori- 2. i 3.r. s.\u0161. i Studenti-4.r.s.\u0161. Sudjelovanje na ovom natjecanju se pla\u0107a (15 kn) jer u\u010denici sami financiraju nagrade za 10% najboljih.<\/p>\n<p>Iz na\u0161e je \u0161kole sudjelovao 21 u\u010denik. Nagra\u0111eni u\u010denici su: Alina Kosi\u0107 (2.r.), Sara Juras i Paola Jure\u0161i\u0107 (4.r.), Filip \u017du\u017ei\u0107 i Lorena Kosi\u0107 (5.r.) i Katarina Bogdani\u0107 (7.r.). Pohvaljujem sve sudionike i poti\u010dem i druge da se dogodine prijave.<img loading=\"lazy\" class=\"alignleft wp-image-1424 size-full\" src=\"http:\/\/osnovnaskolakrk.hr\/vrh\/wp-content\/uploads\/DSCN0512-2.jpg\" alt=\"DSCN0512 (2)\" width=\"2796\" height=\"3965\" srcset=\"http:\/\/osnovnaskolakrk.hr\/vrh\/wp-content\/uploads\/DSCN0512-2.jpg 2796w, http:\/\/osnovnaskolakrk.hr\/vrh\/wp-content\/uploads\/DSCN0512-2-768x1089.jpg 768w, http:\/\/osnovnaskolakrk.hr\/vrh\/wp-content\/uploads\/DSCN0512-2-353x500.jpg 353w\" sizes=\"(max-width: 2796px) 100vw, 2796px\" \/><\/p>\n<p>Marija \u017du\u017ei\u0107, u\u010d. matematike<\/p>\n<p>&nbsp;<\/p>\n","protected":false},"excerpt":{"rendered":"<p>Me\u0111unarodno matemati\u010dko natjecanje koje se odr\u017eava ve\u0107 godinama u cijelom svijetu, odr\u017ealo se ove \u0161kolske godine u Hrvatskoj osamnaesti put, 17. o\u017eujka, u 508 osnovnih i 121 srednjoj \u0161koli. Specifi\u010dnost ovog natjecanja je da u njemu mogu sudjelovati svi u\u010denici od prvog do osmog razreda, bez obzira na uspjeh u redovnoj nastavi. Zadaci zahtijevaju logi\u010dko [&hellip;]<\/p>\n","protected":false},"author":1,"featured_media":0,"comment_status":"open","ping_status":"open","sticky":false,"template":"","format":"standard","meta":[],"categories":[1],"tags":[],"_links":{"self":[{"href":"http:\/\/osnovnaskolakrk.hr\/vrh\/index.php?rest_route=\/wp\/v2\/posts\/1423"}],"collection":[{"href":"http:\/\/osnovnaskolakrk.hr\/vrh\/index.php?rest_route=\/wp\/v2\/posts"}],"about":[{"href":"http:\/\/osnovnaskolakrk.hr\/vrh\/index.php?rest_route=\/wp\/v2\/types\/post"}],"author":[{"embeddable":true,"href":"http:\/\/osnovnaskolakrk.hr\/vrh\/index.php?rest_route=\/wp\/v2\/users\/1"}],"replies":[{"embeddable":true,"href":"http:\/\/osnovnaskolakrk.hr\/vrh\/index.php?rest_route=%2Fwp%2Fv2%2Fcomments&post=1423"}],"version-history":[{"count":1,"href":"http:\/\/osnovnaskolakrk.hr\/vrh\/index.php?rest_route=\/wp\/v2\/posts\/1423\/revisions"}],"predecessor-version":[{"id":1425,"href":"http:\/\/osnovnaskolakrk.hr\/vrh\/index.php?rest_route=\/wp\/v2\/posts\/1423\/revisions\/1425"}],"wp:attachment":[{"href":"http:\/\/osnovnaskolakrk.hr\/vrh\/index.php?rest_route=%2Fwp%2Fv2%2Fmedia&parent=1423"}],"wp:term":[{"taxonomy":"category","embeddable":true,"href":"http:\/\/osnovnaskolakrk.hr\/vrh\/index.php?rest_route=%2Fwp%2Fv2%2Fcategories&post=1423"},{"taxonomy":"post_tag","embeddable":true,"href":"http:\/\/osnovnaskolakrk.hr\/vrh\/index.php?rest_route=%2Fwp%2Fv2%2Ftags&post=1423"}],"curies":[{"name":"wp","href":"https:\/\/api.w.org\/{rel}","templated":true}]}}