{"id":1440,"date":"2016-06-06T08:01:44","date_gmt":"2016-06-06T08:01:44","guid":{"rendered":"http:\/\/osnovnaskolakrk.hr\/vrh\/?p=1440"},"modified":"2016-06-06T08:01:44","modified_gmt":"2016-06-06T08:01:44","slug":"sat-povijesti-osmasice-na-matic-poljani-4-lipnja-2016-godine","status":"publish","type":"post","link":"http:\/\/osnovnaskolakrk.hr\/vrh\/?p=1440","title":{"rendered":"Sat povijesti- Osma\u0161ice na Mati\u0107 poljani (4. lipnja 2016. godine)"},"content":{"rendered":"<p><img loading=\"lazy\" class=\"wp-image-1441 size-full alignleft\" src=\"http:\/\/osnovnaskolakrk.hr\/vrh\/wp-content\/uploads\/DSCN2078.jpg\" alt=\"DSCN2078\" width=\"768\" height=\"576\" srcset=\"http:\/\/osnovnaskolakrk.hr\/vrh\/wp-content\/uploads\/DSCN2078.jpg 768w, http:\/\/osnovnaskolakrk.hr\/vrh\/wp-content\/uploads\/DSCN2078-400x300.jpg 400w\" sizes=\"(max-width: 768px) 100vw, 768px\" \/>U subotu, 4. lipnja, osma\u0161ice Martina Kosi\u0107, Renata Kosi\u0107, Kristina Kri\u010dan\u010di\u0107 i Izabela \u017du\u017ei\u0107, u pratnji u\u010ditelja povijesti Tvrtka Bo\u017ei\u0107a, sudjelovale su na satu povijesti kojega je na Mati\u0107 poljani (op\u0107ina Mrkopalj) organizirao Savez antifa\u0161isti\u010dkih boraca i antifa\u0161ista Primorsko- goranske \u017eupanije. Radi se o manifestaciji pod nazivom <em>Memorijal dvadeset i \u0161est smrznutih partizana<\/em> u sje\u0107anje na tragi\u010dni mar\u0161 boraca XIII. primorsko- goranske divizije koji su na no\u0107i 19. na 20. velja\u010de 1944. godine nastradali na Mati\u0107 poljani. Ovogodi\u0161nji susret bio je osmi po redu <em>Ljetni memorijal<\/em> kojega u sklopu programskih aktivnosti podr\u017eavaju, izme\u0111u ostalih, Udruga antifa\u0161isti\u010dkih boraca i antifa\u0161ista otoka Krka kao i Upravni odjel za odgoj i obrazovanje Primorsko- goranske \u017eupanije koja je jedan od pokrovitelja manifestacije.<\/p>\n<p><!--more-->Manifestacijom se obilje\u017eava stradavanje partizana II. brigade XIII. primorsko-goranske divizije u no\u0107i s 19. na 20. velja\u010de 1944. godine. Brigada se mar\u0161em trebala probiti s podru\u010dja Dre\u017enice preko Jasenka na podru\u010dje Mrkoplja putem dugim oko 52 kilometra. Tijekom no\u0107i u nevremenu i pri ekstremno niskoj temperaturi (-25\u00b0C) uglavnom na podru\u010dju Mati\u0107 poljane smrtno je nastradalo 26 partizana, a njih 150 ostalo je s trajnim posljedicama od promrzavanja. Njihovo stradavanje obilje\u017eava spomenik od 26 kamenih stupova postavljenih du\u017e puta kojim su se na Mati\u0107 poljani te kobne no\u0107i kretali nastradali partizani. Autor spomenika, arhitekt Zdenko Sila, inspiraciju je na\u0161ao u obli\u017enjim poljanama po kojima se razasuto kamenje izdi\u017ee iz travnate povr\u0161ine.<\/p>\n<p>Ovogodi\u0161nju manifestaciju su prigodnim govorima otvorili predstavnici Op\u0107ine Mrkopalj, Primorsko- goranske \u017eupanije, Saveza antifa\u0161isti\u010dkih boraca i antifa\u0161ista Primorsko- goranske \u017eupanije, a nakon kratkog podsje\u0107anja na po\u010detke i razvoj partizanskog pokreta i Drugog svjetskog rata na na\u0161im prostorima, sje\u0107anja na sam doga\u0111aj na Mati\u0107 poljani evocirao je Slavko Ple\u0161e, jedan od sudionika tragi\u010dnog mar\u0161a. U drugom dijelu manifestacije odr\u017eano je sportsko natjecanje u patrolnom tr\u010danju- dje\u010daci na stazi dugoj 2.000 metara, a djevoj\u010dice na stazi duljine 1.500 metara. Na\u0161e osma\u0161ice, iako prethodno nisu bile prijavljene za tr\u010danje, upustile su se u natjecanje i osvojile 3. mjesto. Time su zaslu\u017eile medalje, a diplomu i pehar \u0107e krasiti vitrine na\u0161e \u0161kole.<\/p>\n<p>Nakon ru\u010dka uslijedio je povratak ku\u0107i. Na povratku smo se zaustavili u Fu\u017einama i kra\u0107om \u0161etnjom obi\u0161li jezero Bajer. Bilo je ovo jedan lijep i korisno proveden subotnji dan tijekom kojega je i kr\u010dka osnovna \u0161kola (P\u0160 Vrh) dala svoj doprinos manifestaciji kojoj je cilj da se uvijek iznova podsjetimo kako je antifa\u0161izam tekovina na kojoj je nastala dana\u0161nja slobodna i suverena Republika Hrvatska.<\/p>\n<blockquote class=\"imgur-embed-pub\" lang=\"en\" data-id=\"a\/CQAsv\"><p><a href=\"http:\/\/imgur.com\/a\/CQAsv\">View post on imgur.com<\/a><\/p><\/blockquote>\n<p><script async src=\"\/\/s.imgur.com\/min\/embed.js\" charset=\"utf-8\"><\/script><\/p>\n","protected":false},"excerpt":{"rendered":"<p>U subotu, 4. lipnja, osma\u0161ice Martina Kosi\u0107, Renata Kosi\u0107, Kristina Kri\u010dan\u010di\u0107 i Izabela \u017du\u017ei\u0107, u pratnji u\u010ditelja povijesti Tvrtka Bo\u017ei\u0107a, sudjelovale su na satu povijesti kojega je na Mati\u0107 poljani (op\u0107ina Mrkopalj) organizirao Savez antifa\u0161isti\u010dkih boraca i antifa\u0161ista Primorsko- goranske \u017eupanije. Radi se o manifestaciji pod nazivom Memorijal dvadeset i \u0161est smrznutih partizana u sje\u0107anje [&hellip;]<\/p>\n","protected":false},"author":1,"featured_media":0,"comment_status":"open","ping_status":"open","sticky":false,"template":"","format":"standard","meta":[],"categories":[1],"tags":[],"_links":{"self":[{"href":"http:\/\/osnovnaskolakrk.hr\/vrh\/index.php?rest_route=\/wp\/v2\/posts\/1440"}],"collection":[{"href":"http:\/\/osnovnaskolakrk.hr\/vrh\/index.php?rest_route=\/wp\/v2\/posts"}],"about":[{"href":"http:\/\/osnovnaskolakrk.hr\/vrh\/index.php?rest_route=\/wp\/v2\/types\/post"}],"author":[{"embeddable":true,"href":"http:\/\/osnovnaskolakrk.hr\/vrh\/index.php?rest_route=\/wp\/v2\/users\/1"}],"replies":[{"embeddable":true,"href":"http:\/\/osnovnaskolakrk.hr\/vrh\/index.php?rest_route=%2Fwp%2Fv2%2Fcomments&post=1440"}],"version-history":[{"count":1,"href":"http:\/\/osnovnaskolakrk.hr\/vrh\/index.php?rest_route=\/wp\/v2\/posts\/1440\/revisions"}],"predecessor-version":[{"id":1442,"href":"http:\/\/osnovnaskolakrk.hr\/vrh\/index.php?rest_route=\/wp\/v2\/posts\/1440\/revisions\/1442"}],"wp:attachment":[{"href":"http:\/\/osnovnaskolakrk.hr\/vrh\/index.php?rest_route=%2Fwp%2Fv2%2Fmedia&parent=1440"}],"wp:term":[{"taxonomy":"category","embeddable":true,"href":"http:\/\/osnovnaskolakrk.hr\/vrh\/index.php?rest_route=%2Fwp%2Fv2%2Fcategories&post=1440"},{"taxonomy":"post_tag","embeddable":true,"href":"http:\/\/osnovnaskolakrk.hr\/vrh\/index.php?rest_route=%2Fwp%2Fv2%2Ftags&post=1440"}],"curies":[{"name":"wp","href":"https:\/\/api.w.org\/{rel}","templated":true}]}}