{"id":1443,"date":"2016-06-13T04:07:18","date_gmt":"2016-06-13T04:07:18","guid":{"rendered":"http:\/\/osnovnaskolakrk.hr\/vrh\/?p=1443"},"modified":"2016-06-13T04:09:34","modified_gmt":"2016-06-13T04:09:34","slug":"kviz-o-odvojenom-skupljanju-otpada-rab-8-lipnja-2016-god","status":"publish","type":"post","link":"http:\/\/osnovnaskolakrk.hr\/vrh\/?p=1443","title":{"rendered":"KVIZ O ODVOJENOM SKUPLJANJU OTPADA, RAB, 8. LIPNJA 2016. god."},"content":{"rendered":"<p><img loading=\"lazy\" class=\"wp-image-1444 alignleft\" src=\"http:\/\/osnovnaskolakrk.hr\/vrh\/wp-content\/uploads\/DSCN0546.jpg\" alt=\"DSCN0546\" width=\"755\" height=\"567\" srcset=\"http:\/\/osnovnaskolakrk.hr\/vrh\/wp-content\/uploads\/DSCN0546.jpg 1000w, http:\/\/osnovnaskolakrk.hr\/vrh\/wp-content\/uploads\/DSCN0546-768x576.jpg 768w, http:\/\/osnovnaskolakrk.hr\/vrh\/wp-content\/uploads\/DSCN0546-400x300.jpg 400w\" sizes=\"(max-width: 755px) 100vw, 755px\" \/>Svake godine dru\u0161tvo \u02ddNa\u0161a djeca\u02dd iz Malog Lo\u0161inja\u00a0 u suradnji s udrugom \u02ddPut\u02dd\u00a0 iz Labina i \u017eupanijskim aktivom u\u010ditelja razredne nastave organizira odgojno \u2013 obrazovni program pod nazivom program odvojenog sakupljanja otpada.<\/p>\n<p>U program su uklju\u010deni u\u010denici \u010detvrtih razreda osnovne \u0161kole sa \u010detiriju otoka:\u00a0 Krka, Cresa, Lo\u0161inja i Raba. Ove je godine doma\u0107in susreta bila je O\u0160 Ivana Rabljanina\u00a0 u Rabu.\u00a0 Predstavnici otoka Krka bili su u\u010denici iz P\u0160\u00a0 \u201cVrh\u02dd, s tim da su \u010detvrta\u0161e \u02ddpoja\u010dali\u02dd\u00a0 i neki u\u010denici iz tre\u0107eg razreda.<\/p>\n<p>Vrlo smo rado prihvatili poziv ravnatelja na\u0161e \u0160kole za sudjelovanje u ovom kvizu. \u00a0Dobili smo priru\u010dnike \u00a0o gospodarenju otpadom po kojima smo se pripremali. Osim toga,\u00a0 po grupama smo izra\u0111ivali plakate kojima smo predstavljali svoj otok, mjesto i \u0161kolu. Posebnu pa\u017enju posvetili smo izradi plakata koji je prikazivao na\u0161 planet kroz 4 godi\u0161nja doba, po\u0161to je to \u00a0bila tema susreta. Kreativno smo iskoristili raznobojni\u00a0 papir, plastiku, vatu, karton za jaja, \u017eicu\u2026<!--more--><\/p>\n<p>Na otok Rab krenuli smo rano ujutro, trajektom prema Loparu. Prilikom putovanja dru\u017eili smo se, ponovili prezentacije te u\u017eivali u \u0161etnji trajektom i jutarnjim zrakama sunca. U Loparu nas je do\u010dekao autobus i poveo prema gradu Rabu. Upoznali smo se s ravnateljicom njihove \u0160kole, ostavili plakate i uputili se u vo\u0111eno razgledavanje starog grada. Vodi\u010dkinja nam je sve jasno i zanimljivo ispri\u010dala. U\u017eivali smo u prekrasnom zelenilu parkova, popeli se na vidikovac \u00a0s kojeg se dobro vide\u00a0 zvonici ovog grada, udisali mirise mora, vidjeli kako izgledaju agave i kapari u cvatu, \u0161etnjom vidjeli kino, knji\u017enicu , benediktinski samostan i katedralu.\u00a0 Grad nas je odu\u0161evio!<\/p>\n<p>Oko 13 sati imali smo ru\u010dak. Nakon toga, krenuli smo prema sportskoj dvorani, gdje su svi u\u010desnici dobili kape u bojama radi raspoznavanja ekipa. Svaka je ekipa predstavila svoj otok i \u0161kolu, a Rabljani su imali vrlo zanimljivu eko &#8211; to\u010dku. \u00a0Uslijedilo je natjecanje u kvizu znanja. Osvojili smo drugo mjesto! \u00a0U \u00a0sportskom \u00a0djelu natjecanja\u00a0 skakali smo u vre\u0107ama, povla\u010dili konopac i prenosili krumpir u \u017elici. Tu smo bili malo manje uspje\u0161ni, ali smo se dobro zabavili. Na kraju mo\u017eemo re\u0107i da smo zadovoljni razultatom jer smo dali sve od sebe. \u010cestitamo\u00a0 Lo\u0161injanima koji su zauzeli prvo mjesto \u00a0u znanju i sportu!<\/p>\n<p>Jo\u0161 je bilo dosta do polaska trajekta pa smo imali slobodnog vremena za igru u parku, \u0161etnju i sladoled. Na trajektu je bilo vrlo zanimljivo, dru\u017eili smo se, pjevali, \u0161alili. U Valbisku smo stigli oko 20 sati. \u010cekali su nas roditelji kojima smo s veseljem\u00a0 prepri\u010davali \u00a0protekli \u00a0dan.<\/p>\n<p>Zahvaljujemo se na\u0161oj \u017dupaniji, Gradu Krku, Komunalnom poduze\u0107u \u201ePonikve\u201c i \u0161koli doma\u0107inu koji su omogu\u0107ili da svi tro\u0161kovi, od prijevoza, ulaznica, ru\u010dka, u\u017eine, sudjelovanje u natjecanju, nabavke priru\u010dnika budu osigurani. Posebno se zahvaljujemo na\u0161em ravnatelju na organizaciji putovanja, bodrenju i dru\u017eenju s nama.<\/p>\n<p>U\u010denici i u\u010diteljice 3. i\u00a0 4. razreda<\/p>\n<blockquote class=\"imgur-embed-pub\" lang=\"en\" data-id=\"a\/OiJ1t\"><p><a href=\"http:\/\/imgur.com\/a\/OiJ1t\">View post on imgur.com<\/a><\/p><\/blockquote>\n<p><script async src=\"\/\/s.imgur.com\/min\/embed.js\" charset=\"utf-8\"><\/script><\/p>\n","protected":false},"excerpt":{"rendered":"<p>Svake godine dru\u0161tvo \u02ddNa\u0161a djeca\u02dd iz Malog Lo\u0161inja\u00a0 u suradnji s udrugom \u02ddPut\u02dd\u00a0 iz Labina i \u017eupanijskim aktivom u\u010ditelja razredne nastave organizira odgojno \u2013 obrazovni program pod nazivom program odvojenog sakupljanja otpada. U program su uklju\u010deni u\u010denici \u010detvrtih razreda osnovne \u0161kole sa \u010detiriju otoka:\u00a0 Krka, Cresa, Lo\u0161inja i Raba. Ove je godine doma\u0107in susreta bila [&hellip;]<\/p>\n","protected":false},"author":1,"featured_media":0,"comment_status":"open","ping_status":"open","sticky":false,"template":"","format":"standard","meta":[],"categories":[1],"tags":[],"_links":{"self":[{"href":"http:\/\/osnovnaskolakrk.hr\/vrh\/index.php?rest_route=\/wp\/v2\/posts\/1443"}],"collection":[{"href":"http:\/\/osnovnaskolakrk.hr\/vrh\/index.php?rest_route=\/wp\/v2\/posts"}],"about":[{"href":"http:\/\/osnovnaskolakrk.hr\/vrh\/index.php?rest_route=\/wp\/v2\/types\/post"}],"author":[{"embeddable":true,"href":"http:\/\/osnovnaskolakrk.hr\/vrh\/index.php?rest_route=\/wp\/v2\/users\/1"}],"replies":[{"embeddable":true,"href":"http:\/\/osnovnaskolakrk.hr\/vrh\/index.php?rest_route=%2Fwp%2Fv2%2Fcomments&post=1443"}],"version-history":[{"count":2,"href":"http:\/\/osnovnaskolakrk.hr\/vrh\/index.php?rest_route=\/wp\/v2\/posts\/1443\/revisions"}],"predecessor-version":[{"id":1446,"href":"http:\/\/osnovnaskolakrk.hr\/vrh\/index.php?rest_route=\/wp\/v2\/posts\/1443\/revisions\/1446"}],"wp:attachment":[{"href":"http:\/\/osnovnaskolakrk.hr\/vrh\/index.php?rest_route=%2Fwp%2Fv2%2Fmedia&parent=1443"}],"wp:term":[{"taxonomy":"category","embeddable":true,"href":"http:\/\/osnovnaskolakrk.hr\/vrh\/index.php?rest_route=%2Fwp%2Fv2%2Fcategories&post=1443"},{"taxonomy":"post_tag","embeddable":true,"href":"http:\/\/osnovnaskolakrk.hr\/vrh\/index.php?rest_route=%2Fwp%2Fv2%2Ftags&post=1443"}],"curies":[{"name":"wp","href":"https:\/\/api.w.org\/{rel}","templated":true}]}}