{"id":1448,"date":"2016-06-13T04:16:03","date_gmt":"2016-06-13T04:16:03","guid":{"rendered":"http:\/\/osnovnaskolakrk.hr\/vrh\/?p=1448"},"modified":"2016-06-13T04:16:03","modified_gmt":"2016-06-13T04:16:03","slug":"oprostaj-4-razreda-od-svoje-razrednice","status":"publish","type":"post","link":"http:\/\/osnovnaskolakrk.hr\/vrh\/?p=1448","title":{"rendered":"Opro\u0161taj 4. razreda od svoje razrednice"},"content":{"rendered":"<p><em><img loading=\"lazy\" class=\"alignleft wp-image-1449 \" src=\"http:\/\/osnovnaskolakrk.hr\/vrh\/wp-content\/uploads\/DSCN0612.jpg\" alt=\"DSCN0612\" width=\"577\" height=\"433\" srcset=\"http:\/\/osnovnaskolakrk.hr\/vrh\/wp-content\/uploads\/DSCN0612.jpg 900w, http:\/\/osnovnaskolakrk.hr\/vrh\/wp-content\/uploads\/DSCN0612-768x576.jpg 768w, http:\/\/osnovnaskolakrk.hr\/vrh\/wp-content\/uploads\/DSCN0612-400x300.jpg 400w\" sizes=\"(max-width: 577px) 100vw, 577px\" \/>\u02dd\u017divio jednom jedan klesar. Svaki bi dan odlazio u planinu klesati kamen. I dok bi radio, pjevao je. \u00a0Iako je bio siroma\u0161an nije \u017eelio imati vi\u0161e od onoga \u0161to ima i nije ga bilo briga za cijeli svijet.<\/em><\/p>\n<p><em>Jednoga dana bio je pozvan da radi u pala\u010di nekog plemi\u0107a.<br \/>\nKada je ugledao veli\u010danstvenu pala\u010du, prvi put u \u017eivotu osjeti muku \u017eelje i uzdahne:<br \/>\n-Kada bih i ja bio bogat! Tada ne bi morao zara\u0111ivati za \u017eivot u znoju i muci kao \u0161to to sada \u010dinim.<\/em><\/p>\n<p><em>Zamislite kako je bio iznena\u0111en kada je \u010duo glas koji mu re\u010de: Tvoja je \u017eelja ispunjena. Od sada, \u0161to god za\u017eeli\u0161 bit \u0107e ti ispunjeno! \u00a0Te su mu se rije\u010di \u010dinile nerazumljive sve dok se te ve\u010deri nije vratio u svoju kolibu i umjesto nje na\u0161ao veli\u010danstvenu pala\u010du kao onu u kojoj je radio. Stoga klesar ostavi posao klesanja kamena i po\u010dne u\u017eivati u \u017eivotu bogata\u0161a.<\/em><\/p>\n<p><em>Jednog sparnog popodneva kroz prozor je opazio kako kralj s velikom pratnjom plemi\u0107a i robova prolazi pokraj njegove pala\u010de.<\/em><\/p>\n<p><em><br \/>\nMislio je:<br \/>\n-Kako bi mi bilo drago da sam i ja kralj i da sjedim u rashla\u0111enoj kraljevskoj ko\u010diji!<br \/>\nNjegova \u017eelja odmah bi ispunjena i on ve\u0107 drugi tren sjedi naslonjen u udobnoj kraljevskoj ko\u010diji. No, unutar ko\u010dije je bilo toplije nego \u0161to je pretpostavljao.<\/em><!--more--><\/p>\n<p><em>Gledao je iz ko\u010dije i po\u010deo se diviti snazi sunca koje je sposobno prodrijeti i kroz debeli zid ko\u010dije.<br \/>\n-\u017delio bih da sam sunce, re\u010de sam sebi.<br \/>\nPonovno je njegova \u017eelja bila ispunjena i ve\u0107 je drugi tren osjetio kako u svemir \u0161alje zrake topline.<\/em><\/p>\n<p><em>Sve je i\u0161lo dobro neko vrijeme.<br \/>\nTada, jednog ki\u0161nog dana, poku\u0161a prodrijeti kroz guste oblake, ali nije mogao.<br \/>\nUbrzo \u00a0je \u00a0promijenjen u oblak i di\u010dio se svojom mo\u0107i da mo\u017ee zamra\u010diti sunce \u2013 sve dok se nije pretvorio u ki\u0161u i na svoju nepriliku otkrio da mu je planina preprije\u010dila \u00a0put pa je bio primoran te\u0107i oko nje.<\/em><\/p>\n<p><em>-\u0160to? Da je obi\u010dan kamen mo\u0107niji od mene?<br \/>\n\u017delim postati kamen.<br \/>\nI odmah, evo ga kako se visoko dizao u planini.<\/em><\/p>\n<p><em>Jedva je imao vremena u\u017eivati u novom stanju kad za\u010duje \u010dudan zvuk koji je dolazio od dlijeta ispod njega. Pogleda dolje i na svoj u\u017eas opazi \u010dovje\u010duljka kako zaposleno kle\u0161e gromadu kamena.<\/em><\/p>\n<p><em>-\u0160to? \u00a0Bijedno maleno \u00a0stvorenje da je mo\u0107nije od divovskog kamena kao \u0161to sam ja?<br \/>\n\u017delim biti \u010dovjek!<\/em><\/p>\n<p><em>I tako je ponovo postao klesar koji bi odlazio u planinu ru\u0161iti kamen i u znoju i muci zara\u0111ivati svoj kruh, ali s pjesmom u srcu. Shvatio je da je najva\u017enije biti zadovoljan s onim \u0161to jest i\u00a0 \u017eivjeti \u00a0od onoga \u0161to ima.\u02dd<\/em><\/p>\n<p><em>\u2026\u2026\u2026\u2026\u2026\u2026\u2026\u2026\u2026\u2026\u2026\u2026\u2026\u2026\u2026\u2026\u2026\u2026\u2026\u2026\u2026\u2026\u2026\u2026\u2026\u2026\u2026..<\/em><\/p>\n<p>&nbsp;<\/p>\n<p>Dragi moji u\u010denici!<\/p>\n<p>Nisam bila s vama kroz sva \u010detiri razreda, ali ste u meni ostavili veliki trag. Svaki od vas, na svoj na\u010din. I male, dobrodu\u0161ne brbljavice i one samozatajne, ali hrabre djevoj\u010dice. I nesta\u0161ni dje\u010daci s velikom energijom. I oni mirniji, stalo\u017eeniji, emotivniji.<\/p>\n<p>Neobi\u010dno je koliko toga do\u017eivimo u jednoj \u0161kolskoj godini, i suza i smijeha, napornog rada i opu\u0161tenog \u010davrljanja, izleta, projekata, ispita i ispitivanja, nastupa\u00a0 i priredbi.\u00a0 U\u017eivala sam ulaziti u ovaj razred, u na\u0161u veliku obitelj. U\u017eivala sam razgovarati s vama i slu\u0161ati sva va\u0161a razmi\u0161ljanja i zaklju\u010divanja. Trudila sam se od vas, prije svega, stvoriti u\u010denike koji imaju sluha i osje\u0107aja za druge, ali i one koji prihva\u0107aju sebe kakvima jesu. Svaki je razred prepun razli\u010ditih osobnosti pa tako i va\u0161. I neka je, ne \u017eudite biti onaj drugi, uvijek ostanite svoji.<\/p>\n<p>Niste vi\u0161e maleni, ali niste ni odrasli. I nemojte se \u017euriti odrasti! \u00a0Va\u017eno je \u017eivjeti u trenutku i biti sretan. \u00a0Po\u0161tujte odrasle i u\u010ditelje \u00a0jer to je pokazatelj dobrog odgoja. Budite vrijedni i \u017eeljni znanja jer samo \u0107ete tako rasti i biti zadovoljni sobom.\u00a0 Budite i dalje pa\u017eljivi jedni prema drugima, poma\u017eite si i \u010duvajte svoju zajednicu.<\/p>\n<p>Djeco! Jedan od najte\u017eih trenutaka za u\u010diteljicu jest oprostiti se od svojeg razreda. \u00a0Ali ujedno, za vas je to\u00a0 nu\u017eno potrebno. Vi \u0107ete, samo tako,\u00a0 postajati sve samostalniji i odgovorniji, i stjecati vje\u0161tine nu\u017ene za \u017eivot.\u00a0 Ja \u0107u vas pak, \u00a0sa strane, veselo promatrati kako rastete te svoje kolege i kolegice \u010desto ispitivati o va\u0161em napretku. I dalje \u0107u se \u00a0veseliti \u00a0svakom va\u0161em uspjehu. \u00a0Jer, ne zaboravite \u2013 uvijek \u0107ete biti moji u\u010denici.<\/p>\n<p>Zato vam na kraju samo \u017eelim re\u0107i &#8211; budite dobri i vrijedni i nemojte se bojati\u00a0 novih izazova.<\/p>\n<p>Samo hrabro naprijed!<\/p>\n<p>&nbsp;<\/p>\n<p>Dragi roditelji,<\/p>\n<p>hvala vam na povjerenju i suradnji. Hvala vam \u0161to ste redovito dolazili na roditeljske sastanke i informacije, \u0161to ste rado sudjelovali u aktivnostima i \u0161to ste djecu poticali da ispunjavaju svoje obaveze.\u00a0 Bez vas, moj posao bio bi uzaludan.<\/p>\n<p>Vjerujem, i nadam se, da \u0107ete tako sura\u0111ivati i s njihovim budu\u0107im nastavnicima, jer svi mi imamo jednak cilj \u2013 odgajati i obrazovati na\u0161u djecu.<\/p>\n<p>Mo\u017eete biti ponosni na sebe, usadili ste im prave vrijednosti i to \u0107e im pomo\u0107i ubudu\u0107e. \u00a0Imajte razumijevanja za sve njihove bubice, jer oni tek moraju nau\u010diti \u0161to je \u017eivot.<\/p>\n<p>Hvala jo\u0161 jednom i\u00a0 sretno dalje!<\/p>\n<blockquote class=\"imgur-embed-pub\" lang=\"en\" data-id=\"a\/sSQRl\"><p><a href=\"http:\/\/imgur.com\/a\/sSQRl\">View post on imgur.com<\/a><\/p><\/blockquote>\n<p><script async src=\"\/\/s.imgur.com\/min\/embed.js\" charset=\"utf-8\"><\/script><\/p>\n<p>&nbsp;<\/p>\n<p>&nbsp;<\/p>\n<p>&nbsp;<\/p>\n","protected":false},"excerpt":{"rendered":"<p>\u02dd\u017divio jednom jedan klesar. Svaki bi dan odlazio u planinu klesati kamen. I dok bi radio, pjevao je. \u00a0Iako je bio siroma\u0161an nije \u017eelio imati vi\u0161e od onoga \u0161to ima i nije ga bilo briga za cijeli svijet. Jednoga dana bio je pozvan da radi u pala\u010di nekog plemi\u0107a. Kada je ugledao veli\u010danstvenu pala\u010du, prvi [&hellip;]<\/p>\n","protected":false},"author":1,"featured_media":0,"comment_status":"open","ping_status":"open","sticky":false,"template":"","format":"standard","meta":[],"categories":[1],"tags":[],"_links":{"self":[{"href":"http:\/\/osnovnaskolakrk.hr\/vrh\/index.php?rest_route=\/wp\/v2\/posts\/1448"}],"collection":[{"href":"http:\/\/osnovnaskolakrk.hr\/vrh\/index.php?rest_route=\/wp\/v2\/posts"}],"about":[{"href":"http:\/\/osnovnaskolakrk.hr\/vrh\/index.php?rest_route=\/wp\/v2\/types\/post"}],"author":[{"embeddable":true,"href":"http:\/\/osnovnaskolakrk.hr\/vrh\/index.php?rest_route=\/wp\/v2\/users\/1"}],"replies":[{"embeddable":true,"href":"http:\/\/osnovnaskolakrk.hr\/vrh\/index.php?rest_route=%2Fwp%2Fv2%2Fcomments&post=1448"}],"version-history":[{"count":1,"href":"http:\/\/osnovnaskolakrk.hr\/vrh\/index.php?rest_route=\/wp\/v2\/posts\/1448\/revisions"}],"predecessor-version":[{"id":1450,"href":"http:\/\/osnovnaskolakrk.hr\/vrh\/index.php?rest_route=\/wp\/v2\/posts\/1448\/revisions\/1450"}],"wp:attachment":[{"href":"http:\/\/osnovnaskolakrk.hr\/vrh\/index.php?rest_route=%2Fwp%2Fv2%2Fmedia&parent=1448"}],"wp:term":[{"taxonomy":"category","embeddable":true,"href":"http:\/\/osnovnaskolakrk.hr\/vrh\/index.php?rest_route=%2Fwp%2Fv2%2Fcategories&post=1448"},{"taxonomy":"post_tag","embeddable":true,"href":"http:\/\/osnovnaskolakrk.hr\/vrh\/index.php?rest_route=%2Fwp%2Fv2%2Ftags&post=1448"}],"curies":[{"name":"wp","href":"https:\/\/api.w.org\/{rel}","templated":true}]}}