{"id":1463,"date":"2016-07-04T07:27:34","date_gmt":"2016-07-04T07:27:34","guid":{"rendered":"http:\/\/osnovnaskolakrk.hr\/vrh\/?p=1463"},"modified":"2016-07-04T07:27:34","modified_gmt":"2016-07-04T07:27:34","slug":"oprostaj-od-generacije-2015-2016","status":"publish","type":"post","link":"http:\/\/osnovnaskolakrk.hr\/vrh\/?p=1463","title":{"rendered":"Opro\u0161taj od generacije 2015.\/2016."},"content":{"rendered":"<p>&nbsp;<\/p>\n<p><img loading=\"lazy\" class=\"alignleft wp-image-1466 \" src=\"http:\/\/osnovnaskolakrk.hr\/vrh\/wp-content\/uploads\/P6090194.jpg\" alt=\"P6090194\" width=\"442\" height=\"332\" srcset=\"http:\/\/osnovnaskolakrk.hr\/vrh\/wp-content\/uploads\/P6090194.jpg 4288w, http:\/\/osnovnaskolakrk.hr\/vrh\/wp-content\/uploads\/P6090194-768x576.jpg 768w, http:\/\/osnovnaskolakrk.hr\/vrh\/wp-content\/uploads\/P6090194-400x300.jpg 400w\" sizes=\"(max-width: 442px) 100vw, 442px\" \/>Predzadnji dan nastave u sklopu zavr\u0161ne priredbe za kraj \u0161kolske godine \u0161esnaest u\u010denika osmog razreda oprostilo se od osnovne \u0161kole. Podijelili su neke lijepe i nezaboravne trenutke\u00a0 svog dosada\u0161njeg \u0161kolovanja sa prisutnim u\u010denicima, nastavnicima i roditeljima. U sve\u010danom raspolo\u017eenju, s pjesmom ali i ponekom suzom pozdravili su se sa svime \u0161to su pro\u017eivjeli u ovih osam godina. Nijedan rastanak nije lagan ali je potreban kako bi mladi \u010dovjek mogao rasti i postati samostalan. I zato idite u \u017eivot i ponesite u srcu sve ono dobro i korisno \u0161to ste od nas u\u010ditelja primili! A sve drugo ionako nije va\u017eno.<\/p>\n<p><em>Va\u0161a razrednica <\/em><\/p>\n<p>&nbsp;<\/p>\n<p>&nbsp;<\/p>\n<p>&nbsp;<\/p>\n","protected":false},"excerpt":{"rendered":"<p>&nbsp; Predzadnji dan nastave u sklopu zavr\u0161ne priredbe za kraj \u0161kolske godine \u0161esnaest u\u010denika osmog razreda oprostilo se od osnovne \u0161kole. Podijelili su neke lijepe i nezaboravne trenutke\u00a0 svog dosada\u0161njeg \u0161kolovanja sa prisutnim u\u010denicima, nastavnicima i roditeljima. U sve\u010danom raspolo\u017eenju, s pjesmom ali i ponekom suzom pozdravili su se sa svime \u0161to su pro\u017eivjeli u [&hellip;]<\/p>\n","protected":false},"author":1,"featured_media":0,"comment_status":"open","ping_status":"open","sticky":false,"template":"","format":"standard","meta":[],"categories":[1],"tags":[],"_links":{"self":[{"href":"http:\/\/osnovnaskolakrk.hr\/vrh\/index.php?rest_route=\/wp\/v2\/posts\/1463"}],"collection":[{"href":"http:\/\/osnovnaskolakrk.hr\/vrh\/index.php?rest_route=\/wp\/v2\/posts"}],"about":[{"href":"http:\/\/osnovnaskolakrk.hr\/vrh\/index.php?rest_route=\/wp\/v2\/types\/post"}],"author":[{"embeddable":true,"href":"http:\/\/osnovnaskolakrk.hr\/vrh\/index.php?rest_route=\/wp\/v2\/users\/1"}],"replies":[{"embeddable":true,"href":"http:\/\/osnovnaskolakrk.hr\/vrh\/index.php?rest_route=%2Fwp%2Fv2%2Fcomments&post=1463"}],"version-history":[{"count":1,"href":"http:\/\/osnovnaskolakrk.hr\/vrh\/index.php?rest_route=\/wp\/v2\/posts\/1463\/revisions"}],"predecessor-version":[{"id":1468,"href":"http:\/\/osnovnaskolakrk.hr\/vrh\/index.php?rest_route=\/wp\/v2\/posts\/1463\/revisions\/1468"}],"wp:attachment":[{"href":"http:\/\/osnovnaskolakrk.hr\/vrh\/index.php?rest_route=%2Fwp%2Fv2%2Fmedia&parent=1463"}],"wp:term":[{"taxonomy":"category","embeddable":true,"href":"http:\/\/osnovnaskolakrk.hr\/vrh\/index.php?rest_route=%2Fwp%2Fv2%2Fcategories&post=1463"},{"taxonomy":"post_tag","embeddable":true,"href":"http:\/\/osnovnaskolakrk.hr\/vrh\/index.php?rest_route=%2Fwp%2Fv2%2Ftags&post=1463"}],"curies":[{"name":"wp","href":"https:\/\/api.w.org\/{rel}","templated":true}]}}