{"id":1470,"date":"2016-08-26T08:25:55","date_gmt":"2016-08-26T08:25:55","guid":{"rendered":"http:\/\/osnovnaskolakrk.hr\/vrh\/?p=1470"},"modified":"2016-08-26T08:25:55","modified_gmt":"2016-08-26T08:25:55","slug":"produzeni-boravak-u-ps-vrh","status":"publish","type":"post","link":"http:\/\/osnovnaskolakrk.hr\/vrh\/?p=1470","title":{"rendered":"PRODU\u017dENI BORAVAK U P\u0160 VRH"},"content":{"rendered":"<p><img loading=\"lazy\" class=\"alignleft wp-image-1471\" src=\"http:\/\/osnovnaskolakrk.hr\/vrh\/wp-content\/uploads\/produ\u017eeni-boravak.png\" alt=\"produ\u017eeni boravak\" width=\"200\" height=\"199\" srcset=\"http:\/\/osnovnaskolakrk.hr\/vrh\/wp-content\/uploads\/produ\u017eeni-boravak.png 689w, http:\/\/osnovnaskolakrk.hr\/vrh\/wp-content\/uploads\/produ\u017eeni-boravak-150x150.png 150w, http:\/\/osnovnaskolakrk.hr\/vrh\/wp-content\/uploads\/produ\u017eeni-boravak-50x50.png 50w, http:\/\/osnovnaskolakrk.hr\/vrh\/wp-content\/uploads\/produ\u017eeni-boravak-400x398.png 400w\" sizes=\"(max-width: 200px) 100vw, 200px\" \/>OBAVIJEST<\/p>\n<p>Dragi roditelji, u\u010denika ni\u017eih razreda P\u0160 Vrh, kao \u0161to ste mogli ve\u0107 \u010duti prihva\u0107ena je inicijativa Osnovne \u0161kole Fran Krsto Frankopan da se s po\u010detkom nadolaze\u0107e \u0161kolske godine za u\u010denike ni\u017eih razreda Podru\u010dne \u0161kole Vrh pokrene program produ\u017eenog boravka.<\/p>\n<p>Produ\u017eeni boravak <span style=\"text-decoration: underline; color: #ff0000;\">zapo\u010dinje<\/span> PRVI TJEDAN nastave (5.rujna).<\/p>\n<p>Sve informacije dobiti \u0107ete prvi dan nastave (5. rujna 2016.) ili pozivom na broj 865-150.<\/p>\n<p>&nbsp;<\/p>\n<p>&nbsp;<\/p>\n","protected":false},"excerpt":{"rendered":"<p>OBAVIJEST Dragi roditelji, u\u010denika ni\u017eih razreda P\u0160 Vrh, kao \u0161to ste mogli ve\u0107 \u010duti prihva\u0107ena je inicijativa Osnovne \u0161kole Fran Krsto Frankopan da se s po\u010detkom nadolaze\u0107e \u0161kolske godine za u\u010denike ni\u017eih razreda Podru\u010dne \u0161kole Vrh pokrene program produ\u017eenog boravka. Produ\u017eeni boravak zapo\u010dinje PRVI TJEDAN nastave (5.rujna). Sve informacije dobiti \u0107ete prvi dan nastave (5. [&hellip;]<\/p>\n","protected":false},"author":1,"featured_media":0,"comment_status":"open","ping_status":"open","sticky":false,"template":"","format":"standard","meta":[],"categories":[1],"tags":[],"_links":{"self":[{"href":"http:\/\/osnovnaskolakrk.hr\/vrh\/index.php?rest_route=\/wp\/v2\/posts\/1470"}],"collection":[{"href":"http:\/\/osnovnaskolakrk.hr\/vrh\/index.php?rest_route=\/wp\/v2\/posts"}],"about":[{"href":"http:\/\/osnovnaskolakrk.hr\/vrh\/index.php?rest_route=\/wp\/v2\/types\/post"}],"author":[{"embeddable":true,"href":"http:\/\/osnovnaskolakrk.hr\/vrh\/index.php?rest_route=\/wp\/v2\/users\/1"}],"replies":[{"embeddable":true,"href":"http:\/\/osnovnaskolakrk.hr\/vrh\/index.php?rest_route=%2Fwp%2Fv2%2Fcomments&post=1470"}],"version-history":[{"count":1,"href":"http:\/\/osnovnaskolakrk.hr\/vrh\/index.php?rest_route=\/wp\/v2\/posts\/1470\/revisions"}],"predecessor-version":[{"id":1472,"href":"http:\/\/osnovnaskolakrk.hr\/vrh\/index.php?rest_route=\/wp\/v2\/posts\/1470\/revisions\/1472"}],"wp:attachment":[{"href":"http:\/\/osnovnaskolakrk.hr\/vrh\/index.php?rest_route=%2Fwp%2Fv2%2Fmedia&parent=1470"}],"wp:term":[{"taxonomy":"category","embeddable":true,"href":"http:\/\/osnovnaskolakrk.hr\/vrh\/index.php?rest_route=%2Fwp%2Fv2%2Fcategories&post=1470"},{"taxonomy":"post_tag","embeddable":true,"href":"http:\/\/osnovnaskolakrk.hr\/vrh\/index.php?rest_route=%2Fwp%2Fv2%2Ftags&post=1470"}],"curies":[{"name":"wp","href":"https:\/\/api.w.org\/{rel}","templated":true}]}}