{"id":1513,"date":"2016-09-01T08:45:53","date_gmt":"2016-09-01T08:45:53","guid":{"rendered":"http:\/\/osnovnaskolakrk.hr\/vrh\/?p=1513"},"modified":"2016-09-01T08:45:53","modified_gmt":"2016-09-01T08:45:53","slug":"obavijest-o-pocetku-nastavne-skolske-2016-2017-godine-i-prvom-danu-nastave","status":"publish","type":"post","link":"http:\/\/osnovnaskolakrk.hr\/vrh\/?p=1513","title":{"rendered":"OBAVIJEST O PO\u010cETKU NASTAVNE \u0160KOLSKE 2016.\/ 2017. GODINE I PRVOM DANU NASTAVE"},"content":{"rendered":"<p><img loading=\"lazy\" class=\"alignleft wp-image-1514 \" src=\"http:\/\/osnovnaskolakrk.hr\/vrh\/wp-content\/uploads\/POVRATAK-U-\u0160KOLU.jpg\" alt=\"POVRATAK U \u0160KOLU\" width=\"413\" height=\"296\" srcset=\"http:\/\/osnovnaskolakrk.hr\/vrh\/wp-content\/uploads\/POVRATAK-U-\u0160KOLU.jpg 500w, http:\/\/osnovnaskolakrk.hr\/vrh\/wp-content\/uploads\/POVRATAK-U-\u0160KOLU-400x286.jpg 400w\" sizes=\"(max-width: 413px) 100vw, 413px\" \/>Dragi u\u010denici, roditelji i u\u010ditelji,<\/p>\n<p>\u0161kolska godina 2016.\/ 2017. po\u010dinje u ponedjeljak, 05.09.2016.<\/p>\n<p>U\u010denici 1. razreda dolaze u pratnji roditelja.<\/p>\n<p>Veselimo se ponovnom susretu s vama!<\/p>\n<p>Organizacija prvog dana nastave:<\/p>\n<p><!--more--><\/p>\n<p>8:00 &#8211; sat razrednika<\/p>\n<p>8:50 &#8211; 9:15 &#8211; marenda<\/p>\n<p>9:30 &#8211; Sv. misa<\/p>\n<p>10:45 &#8211; Autobus<\/p>\n<p>Produ\u017eeni borak po\u010dinje od UTORKA 6. 9. 2016. od 11:30-16:30<\/p>\n","protected":false},"excerpt":{"rendered":"<p>Dragi u\u010denici, roditelji i u\u010ditelji, \u0161kolska godina 2016.\/ 2017. po\u010dinje u ponedjeljak, 05.09.2016. U\u010denici 1. razreda dolaze u pratnji roditelja. Veselimo se ponovnom susretu s vama! Organizacija prvog dana nastave:<\/p>\n","protected":false},"author":1,"featured_media":0,"comment_status":"open","ping_status":"open","sticky":false,"template":"","format":"standard","meta":[],"categories":[1],"tags":[],"_links":{"self":[{"href":"http:\/\/osnovnaskolakrk.hr\/vrh\/index.php?rest_route=\/wp\/v2\/posts\/1513"}],"collection":[{"href":"http:\/\/osnovnaskolakrk.hr\/vrh\/index.php?rest_route=\/wp\/v2\/posts"}],"about":[{"href":"http:\/\/osnovnaskolakrk.hr\/vrh\/index.php?rest_route=\/wp\/v2\/types\/post"}],"author":[{"embeddable":true,"href":"http:\/\/osnovnaskolakrk.hr\/vrh\/index.php?rest_route=\/wp\/v2\/users\/1"}],"replies":[{"embeddable":true,"href":"http:\/\/osnovnaskolakrk.hr\/vrh\/index.php?rest_route=%2Fwp%2Fv2%2Fcomments&post=1513"}],"version-history":[{"count":1,"href":"http:\/\/osnovnaskolakrk.hr\/vrh\/index.php?rest_route=\/wp\/v2\/posts\/1513\/revisions"}],"predecessor-version":[{"id":1515,"href":"http:\/\/osnovnaskolakrk.hr\/vrh\/index.php?rest_route=\/wp\/v2\/posts\/1513\/revisions\/1515"}],"wp:attachment":[{"href":"http:\/\/osnovnaskolakrk.hr\/vrh\/index.php?rest_route=%2Fwp%2Fv2%2Fmedia&parent=1513"}],"wp:term":[{"taxonomy":"category","embeddable":true,"href":"http:\/\/osnovnaskolakrk.hr\/vrh\/index.php?rest_route=%2Fwp%2Fv2%2Fcategories&post=1513"},{"taxonomy":"post_tag","embeddable":true,"href":"http:\/\/osnovnaskolakrk.hr\/vrh\/index.php?rest_route=%2Fwp%2Fv2%2Ftags&post=1513"}],"curies":[{"name":"wp","href":"https:\/\/api.w.org\/{rel}","templated":true}]}}