{"id":1526,"date":"2016-10-17T12:07:49","date_gmt":"2016-10-17T12:07:49","guid":{"rendered":"http:\/\/osnovnaskolakrk.hr\/vrh\/?p=1526"},"modified":"2016-10-29T19:19:28","modified_gmt":"2016-10-29T19:19:28","slug":"izlet-u-zagreb-i-hrvatsko-zagorje","status":"publish","type":"post","link":"http:\/\/osnovnaskolakrk.hr\/vrh\/?p=1526","title":{"rendered":"Izlet u Zagreb i Hrvatsko zagorje"},"content":{"rendered":"<p><img loading=\"lazy\" class=\"size-thumbnail wp-image-1527 alignleft\" src=\"http:\/\/osnovnaskolakrk.hr\/vrh\/wp-content\/uploads\/krap2-150x150.jpg\" alt=\"krap2\" width=\"150\" height=\"150\" srcset=\"http:\/\/osnovnaskolakrk.hr\/vrh\/wp-content\/uploads\/krap2-150x150.jpg 150w, http:\/\/osnovnaskolakrk.hr\/vrh\/wp-content\/uploads\/krap2-50x50.jpg 50w\" sizes=\"(max-width: 150px) 100vw, 150px\" \/>U\u010denici \u010detvrtih razreda O\u0160 Frana Krste Frankopana iz Krka i Vrha bili su 13. i 14. listopada 2016. na izletu u Zagrebu i Hrvatskom zagorju. Prvi dan posjetili su Zagreb i vidjeli Tehni\u010dki muzej, Gornji i Donji grad, Muzej iluzija i Zoolo\u0161ki vrt. Drugog dana posjetili su Hrvatsko zagorje. U Krapini su vidjeli Muzej krapinskih neandertalaca i dvorac Trako\u0161\u0107an. Ku\u0107ama su se vratili u devetnaest sati. Na izletu je bilo lijepo i nau\u010dili su mnogo novih stvari.<\/p>\n<p><img class=\"ngg_displayed_gallery mceItem\" src=\"http:\/\/osnovnaskolakrk.hr\/vrh\/index.php\/nextgen-attach_to_post\/preview\/id--1636\" data-mce-placeholder=\"1\" \/><\/p>\n<p>&nbsp;<\/p>\n<p>&nbsp;<\/p>\n<p><em>Dea \u017du\u017ei\u0107, 4.r.<\/em><\/p>\n<p>&nbsp;<\/p>\n","protected":false},"excerpt":{"rendered":"<p>U\u010denici \u010detvrtih razreda O\u0160 Frana Krste Frankopana iz Krka i Vrha bili su 13. i 14. listopada 2016. na izletu u Zagrebu i Hrvatskom zagorju. Prvi dan posjetili su Zagreb i vidjeli Tehni\u010dki muzej, Gornji i Donji grad, Muzej iluzija i Zoolo\u0161ki vrt. Drugog dana posjetili su Hrvatsko zagorje. U Krapini su vidjeli Muzej krapinskih [&hellip;]<\/p>\n","protected":false},"author":1,"featured_media":0,"comment_status":"open","ping_status":"open","sticky":false,"template":"","format":"standard","meta":[],"categories":[1],"tags":[],"_links":{"self":[{"href":"http:\/\/osnovnaskolakrk.hr\/vrh\/index.php?rest_route=\/wp\/v2\/posts\/1526"}],"collection":[{"href":"http:\/\/osnovnaskolakrk.hr\/vrh\/index.php?rest_route=\/wp\/v2\/posts"}],"about":[{"href":"http:\/\/osnovnaskolakrk.hr\/vrh\/index.php?rest_route=\/wp\/v2\/types\/post"}],"author":[{"embeddable":true,"href":"http:\/\/osnovnaskolakrk.hr\/vrh\/index.php?rest_route=\/wp\/v2\/users\/1"}],"replies":[{"embeddable":true,"href":"http:\/\/osnovnaskolakrk.hr\/vrh\/index.php?rest_route=%2Fwp%2Fv2%2Fcomments&post=1526"}],"version-history":[{"count":6,"href":"http:\/\/osnovnaskolakrk.hr\/vrh\/index.php?rest_route=\/wp\/v2\/posts\/1526\/revisions"}],"predecessor-version":[{"id":1639,"href":"http:\/\/osnovnaskolakrk.hr\/vrh\/index.php?rest_route=\/wp\/v2\/posts\/1526\/revisions\/1639"}],"wp:attachment":[{"href":"http:\/\/osnovnaskolakrk.hr\/vrh\/index.php?rest_route=%2Fwp%2Fv2%2Fmedia&parent=1526"}],"wp:term":[{"taxonomy":"category","embeddable":true,"href":"http:\/\/osnovnaskolakrk.hr\/vrh\/index.php?rest_route=%2Fwp%2Fv2%2Fcategories&post=1526"},{"taxonomy":"post_tag","embeddable":true,"href":"http:\/\/osnovnaskolakrk.hr\/vrh\/index.php?rest_route=%2Fwp%2Fv2%2Ftags&post=1526"}],"curies":[{"name":"wp","href":"https:\/\/api.w.org\/{rel}","templated":true}]}}