{"id":1603,"date":"2016-10-29T19:06:05","date_gmt":"2016-10-29T19:06:05","guid":{"rendered":"http:\/\/osnovnaskolakrk.hr\/vrh\/?p=1603"},"modified":"2016-10-29T19:14:24","modified_gmt":"2016-10-29T19:14:24","slug":"projekt-jabucica","status":"publish","type":"post","link":"http:\/\/osnovnaskolakrk.hr\/vrh\/?p=1603","title":{"rendered":"Projekt \u201eJABU\u010cICA\u201c"},"content":{"rendered":"<p>Na\u0161 je 1. razred u dvotjednom razdoblju (od 10.10. do 21.10.2016.g.) realizirao projekt kojim se obilje\u017eio Svjetski dan jabuka, 20. listopada. Projekt smo nazvali \u201eJabu\u010dica\u201c to jest, umanjenicom jer smo i mi najmanji u \u0161koli. Radom na ovom projektu nau\u010dili smo kako anga\u017eirano sudjelovati i me\u0111usobno sura\u0111ivati. Uz to, pomogao nam je u razvijanju mnogih vje\u0161tina.<\/p>\n<p>Ciljevi projekta su bili sljede\u0107i: nau\u010diti razlikovati jabuke prema boji, okusu i sorti; likovno, glazbeno i literarno stvarati; mjeriti i procjenjivati te, naravno, zabavljati se u zajedni\u010dkim igrama. Aktivnosti koje su pratile realizaciju projekta navest \u0107emo prema sljede\u0107em redu:<!--more--><\/p>\n<ul>\n<li>Hrvatski jezik \u2013 u\u010denje o jabukama, opisivanje jabuke,<\/li>\n<li>Tjelesna i zdravstvena kultura \u2013 igre s jabukama,<\/li>\n<li>Priroda i dru\u0161tvo \u2013 ku\u0161aonica raznih sorti jabuka, stablo jabuke kroz godi\u0161nja doba,<\/li>\n<li>Glazbena kultura \u2013 pjevanje pjesmica s temom jabuke, glazbeno stvarala\u0161tvo,<\/li>\n<li>Hrvatski jezik i Sat razrednika \u2013 igrokaz i recitacije s temom jabuke,<\/li>\n<li>Matematika, TZK \u2013 pe\u010denje kola\u010da od jabuka,<\/li>\n<li>Likovna kultura \u2013 radionica s roditeljima, postavljanje izlo\u017ebe, prezentacija.<\/li>\n<\/ul>\n<p>Kao \u0161to smo ve\u0107 naveli, ovaj projekt smo proveli kroz sve predmete uklju\u010duju\u0107i i radionicu s roditeljima. Za vrijeme iste, roditelji su zajedno sa svojom djecom bili podijeljeni u tri grupe: crvene, \u017eute i zelene jabu\u010dice. Svaka grupa je imala posebne zadatke po predmetima prema kojima su kroz rad i anga\u017eman nastajali zajedni\u010dki (grupni) plakati za izlo\u017ebu i prezentaciju. Kako bismo zaokru\u017eili ovaj na\u0161 divni projekt, u\u010denici su za svoje roditelje uz pomo\u0107 u\u010diteljice pripremili dva igrokaza koje su predstavili na samom kraju radionice.<\/p>\n<p>Za kraj, moramo re\u0107i da smo u\u017eivali u zajedni\u010dkom dru\u017eenju, otkrivanju novih spoznaja u radu i u\u010denju te se isto tako nadamo \u0161to ve\u0107em broju projekata u na\u0161em budu\u0107em radu.<\/p>\n<p><em>U\u010diteljice Danijela \u017du\u017ei\u0107 Kosi\u0107 i Jeny Berkovi\u0107<\/em><\/p>\n<p><em>\u00a0<img class=\"ngg_displayed_gallery mceItem\" src=\"http:\/\/osnovnaskolakrk.hr\/vrh\/index.php\/nextgen-attach_to_post\/preview\/id--1633\" data-mce-placeholder=\"1\" \/><\/em><\/p>\n<p>&nbsp;<\/p>\n<p>&nbsp;<\/p>\n<p>&nbsp;<\/p>\n<p>&nbsp;<\/p>\n","protected":false},"excerpt":{"rendered":"<p>Na\u0161 je 1. razred u dvotjednom razdoblju (od 10.10. do 21.10.2016.g.) realizirao projekt kojim se obilje\u017eio Svjetski dan jabuka, 20. listopada. Projekt smo nazvali \u201eJabu\u010dica\u201c to jest, umanjenicom jer smo i mi najmanji u \u0161koli. Radom na ovom projektu nau\u010dili smo kako anga\u017eirano sudjelovati i me\u0111usobno sura\u0111ivati. Uz to, pomogao nam je u razvijanju mnogih [&hellip;]<\/p>\n","protected":false},"author":1,"featured_media":0,"comment_status":"open","ping_status":"open","sticky":false,"template":"","format":"standard","meta":[],"categories":[1],"tags":[],"_links":{"self":[{"href":"http:\/\/osnovnaskolakrk.hr\/vrh\/index.php?rest_route=\/wp\/v2\/posts\/1603"}],"collection":[{"href":"http:\/\/osnovnaskolakrk.hr\/vrh\/index.php?rest_route=\/wp\/v2\/posts"}],"about":[{"href":"http:\/\/osnovnaskolakrk.hr\/vrh\/index.php?rest_route=\/wp\/v2\/types\/post"}],"author":[{"embeddable":true,"href":"http:\/\/osnovnaskolakrk.hr\/vrh\/index.php?rest_route=\/wp\/v2\/users\/1"}],"replies":[{"embeddable":true,"href":"http:\/\/osnovnaskolakrk.hr\/vrh\/index.php?rest_route=%2Fwp%2Fv2%2Fcomments&post=1603"}],"version-history":[{"count":4,"href":"http:\/\/osnovnaskolakrk.hr\/vrh\/index.php?rest_route=\/wp\/v2\/posts\/1603\/revisions"}],"predecessor-version":[{"id":1635,"href":"http:\/\/osnovnaskolakrk.hr\/vrh\/index.php?rest_route=\/wp\/v2\/posts\/1603\/revisions\/1635"}],"wp:attachment":[{"href":"http:\/\/osnovnaskolakrk.hr\/vrh\/index.php?rest_route=%2Fwp%2Fv2%2Fmedia&parent=1603"}],"wp:term":[{"taxonomy":"category","embeddable":true,"href":"http:\/\/osnovnaskolakrk.hr\/vrh\/index.php?rest_route=%2Fwp%2Fv2%2Fcategories&post=1603"},{"taxonomy":"post_tag","embeddable":true,"href":"http:\/\/osnovnaskolakrk.hr\/vrh\/index.php?rest_route=%2Fwp%2Fv2%2Ftags&post=1603"}],"curies":[{"name":"wp","href":"https:\/\/api.w.org\/{rel}","templated":true}]}}