{"id":1640,"date":"2016-10-29T19:22:39","date_gmt":"2016-10-29T19:22:39","guid":{"rendered":"http:\/\/osnovnaskolakrk.hr\/vrh\/?p=1640"},"modified":"2016-10-29T19:50:06","modified_gmt":"2016-10-29T19:50:06","slug":"berba-maslina-i-posjet-uljari","status":"publish","type":"post","link":"http:\/\/osnovnaskolakrk.hr\/vrh\/?p=1640","title":{"rendered":"Berba maslina i posjet uljari"},"content":{"rendered":"<p>Ove godine provodimo u \u0161koli projekt \u201eZajedno u mediteranskom vrtu\u201c.<\/p>\n<p>Svaki je razred zadu\u017een brinuti o \u0161kolskom mediteranskom vrtu u razdoblju od mjesec dana. Najprije su to, u rujnu, u\u010dinili u\u010denici drugog razreda s u\u010diteljicom Alenkom Zahija, a onda je u listopadu brigu o vrtu preuzeo tre\u0107i razred s u\u010diteljicom Sanjom Novosel Grguri\u0107. Tre\u0107a\u0161e je dopao i zanimljiv posao\u2026 branje dozrelih plodova masline. Ubrali su 50 kilograma maslina. Nakon \u0161to su plodovi masline ubrani, u\u010denici prvog, drugog i tre\u0107eg razreda odnijeli su u masline u uljaru koja se nalazi u Puntu. Od ubranih plodova dobili su 5 litara maslinovog ulja. Nakon uljare posjetili su i oto\u010di\u0107 Ko\u0161ljun.<\/p>\n<p><img class=\"ngg_displayed_gallery mceItem\" src=\"http:\/\/osnovnaskolakrk.hr\/vrh\/index.php\/nextgen-attach_to_post\/preview\/id--1653\" data-mce-placeholder=\"1\" \/><\/p>\n<p>&nbsp;<\/p>\n","protected":false},"excerpt":{"rendered":"<p>Ove godine provodimo u \u0161koli projekt \u201eZajedno u mediteranskom vrtu\u201c. Svaki je razred zadu\u017een brinuti o \u0161kolskom mediteranskom vrtu u razdoblju od mjesec dana. Najprije su to, u rujnu, u\u010dinili u\u010denici drugog razreda s u\u010diteljicom Alenkom Zahija, a onda je u listopadu brigu o vrtu preuzeo tre\u0107i razred s u\u010diteljicom Sanjom Novosel Grguri\u0107. Tre\u0107a\u0161e je [&hellip;]<\/p>\n","protected":false},"author":1,"featured_media":0,"comment_status":"open","ping_status":"open","sticky":false,"template":"","format":"standard","meta":[],"categories":[1],"tags":[],"_links":{"self":[{"href":"http:\/\/osnovnaskolakrk.hr\/vrh\/index.php?rest_route=\/wp\/v2\/posts\/1640"}],"collection":[{"href":"http:\/\/osnovnaskolakrk.hr\/vrh\/index.php?rest_route=\/wp\/v2\/posts"}],"about":[{"href":"http:\/\/osnovnaskolakrk.hr\/vrh\/index.php?rest_route=\/wp\/v2\/types\/post"}],"author":[{"embeddable":true,"href":"http:\/\/osnovnaskolakrk.hr\/vrh\/index.php?rest_route=\/wp\/v2\/users\/1"}],"replies":[{"embeddable":true,"href":"http:\/\/osnovnaskolakrk.hr\/vrh\/index.php?rest_route=%2Fwp%2Fv2%2Fcomments&post=1640"}],"version-history":[{"count":1,"href":"http:\/\/osnovnaskolakrk.hr\/vrh\/index.php?rest_route=\/wp\/v2\/posts\/1640\/revisions"}],"predecessor-version":[{"id":1654,"href":"http:\/\/osnovnaskolakrk.hr\/vrh\/index.php?rest_route=\/wp\/v2\/posts\/1640\/revisions\/1654"}],"wp:attachment":[{"href":"http:\/\/osnovnaskolakrk.hr\/vrh\/index.php?rest_route=%2Fwp%2Fv2%2Fmedia&parent=1640"}],"wp:term":[{"taxonomy":"category","embeddable":true,"href":"http:\/\/osnovnaskolakrk.hr\/vrh\/index.php?rest_route=%2Fwp%2Fv2%2Fcategories&post=1640"},{"taxonomy":"post_tag","embeddable":true,"href":"http:\/\/osnovnaskolakrk.hr\/vrh\/index.php?rest_route=%2Fwp%2Fv2%2Ftags&post=1640"}],"curies":[{"name":"wp","href":"https:\/\/api.w.org\/{rel}","templated":true}]}}