{"id":1693,"date":"2016-11-07T08:13:57","date_gmt":"2016-11-07T08:13:57","guid":{"rendered":"http:\/\/osnovnaskolakrk.hr\/vrh\/?p=1693"},"modified":"2016-11-07T08:13:57","modified_gmt":"2016-11-07T08:13:57","slug":"ucenici-ps-vrh-u-masliniku","status":"publish","type":"post","link":"http:\/\/osnovnaskolakrk.hr\/vrh\/?p=1693","title":{"rendered":"U\u010denici P\u0160 Vrh u masliniku"},"content":{"rendered":"<p>U petak 28.10.2016. godine u\u010denici \u010detvrtog razreda O\u0160 \u201eFran Krsto Frankopan\u201c Krk, P\u0160 Vrh i njihova u\u010diteljica bili su u berbi maslina. U prekrasnom masliniku obitelji Bogovi\u0107 slo\u017eno su prionuli poslu i uz pjesmu i razgovor lijepo su se zabavili. Nabrali su oko sedamdeset i pet kilograma maslina i nau\u010dili mnogo toga. Vrijedni doma\u0107ini po\u010dastili su ih toplim fritulama i svakome darovali bo\u010dicu ulja.\u00a0 Zahvaljujemo im. Taj dan ostat \u0107e nam u lijepom sje\u0107anju.<\/p>\n<p><img class=\"ngg_displayed_gallery mceItem\" src=\"http:\/\/osnovnaskolakrk.hr\/vrh\/index.php\/nextgen-attach_to_post\/preview\/id--1730\" data-mce-placeholder=\"1\" \/><\/p>\n","protected":false},"excerpt":{"rendered":"<p>U petak 28.10.2016. godine u\u010denici \u010detvrtog razreda O\u0160 \u201eFran Krsto Frankopan\u201c Krk, P\u0160 Vrh i njihova u\u010diteljica bili su u berbi maslina. U prekrasnom masliniku obitelji Bogovi\u0107 slo\u017eno su prionuli poslu i uz pjesmu i razgovor lijepo su se zabavili. Nabrali su oko sedamdeset i pet kilograma maslina i nau\u010dili mnogo toga. Vrijedni doma\u0107ini po\u010dastili [&hellip;]<\/p>\n","protected":false},"author":1,"featured_media":0,"comment_status":"open","ping_status":"open","sticky":false,"template":"","format":"standard","meta":[],"categories":[1],"tags":[],"_links":{"self":[{"href":"http:\/\/osnovnaskolakrk.hr\/vrh\/index.php?rest_route=\/wp\/v2\/posts\/1693"}],"collection":[{"href":"http:\/\/osnovnaskolakrk.hr\/vrh\/index.php?rest_route=\/wp\/v2\/posts"}],"about":[{"href":"http:\/\/osnovnaskolakrk.hr\/vrh\/index.php?rest_route=\/wp\/v2\/types\/post"}],"author":[{"embeddable":true,"href":"http:\/\/osnovnaskolakrk.hr\/vrh\/index.php?rest_route=\/wp\/v2\/users\/1"}],"replies":[{"embeddable":true,"href":"http:\/\/osnovnaskolakrk.hr\/vrh\/index.php?rest_route=%2Fwp%2Fv2%2Fcomments&post=1693"}],"version-history":[{"count":1,"href":"http:\/\/osnovnaskolakrk.hr\/vrh\/index.php?rest_route=\/wp\/v2\/posts\/1693\/revisions"}],"predecessor-version":[{"id":1731,"href":"http:\/\/osnovnaskolakrk.hr\/vrh\/index.php?rest_route=\/wp\/v2\/posts\/1693\/revisions\/1731"}],"wp:attachment":[{"href":"http:\/\/osnovnaskolakrk.hr\/vrh\/index.php?rest_route=%2Fwp%2Fv2%2Fmedia&parent=1693"}],"wp:term":[{"taxonomy":"category","embeddable":true,"href":"http:\/\/osnovnaskolakrk.hr\/vrh\/index.php?rest_route=%2Fwp%2Fv2%2Fcategories&post=1693"},{"taxonomy":"post_tag","embeddable":true,"href":"http:\/\/osnovnaskolakrk.hr\/vrh\/index.php?rest_route=%2Fwp%2Fv2%2Ftags&post=1693"}],"curies":[{"name":"wp","href":"https:\/\/api.w.org\/{rel}","templated":true}]}}