{"id":1734,"date":"2016-11-07T08:24:50","date_gmt":"2016-11-07T08:24:50","guid":{"rendered":"http:\/\/osnovnaskolakrk.hr\/vrh\/?p=1734"},"modified":"2016-11-07T08:24:50","modified_gmt":"2016-11-07T08:24:50","slug":"gradonacelnik-posjetio-prvasice-ps-vrh","status":"publish","type":"post","link":"http:\/\/osnovnaskolakrk.hr\/vrh\/?p=1734","title":{"rendered":"Gradona\u010delnik posjetio prva\u0161i\u0107e P\u0160 Vrh"},"content":{"rendered":"<p>U petak 4. studenog gradona\u010delnik grada Krka Darijo Vasili\u0107 u pratnji ravnatelja \u0161kole Ser\u0111a Sambli\u0107a, gospo\u0111e Marinke Margan, voditeljice Odsjeka za dru\u0161tvene djelatnosti Grada Krka i Mikule IV. posjetio je u\u010denike prvih razreda Mati\u010dne \u0161kole Krk i Podru\u010dne \u0161kole Vrh. Ovom prigodom uru\u010dio im je malen znak pa\u017enje tj. zanimljiv paketi\u0107 s edukativno-didakti\u010dkom igrom Uduge Ti si OK.<\/p>\n<p><img class=\"ngg_displayed_gallery mceItem\" src=\"http:\/\/osnovnaskolakrk.hr\/vrh\/index.php\/nextgen-attach_to_post\/preview\/id--1755\" data-mce-placeholder=\"1\" \/><\/p>\n","protected":false},"excerpt":{"rendered":"<p>U petak 4. studenog gradona\u010delnik grada Krka Darijo Vasili\u0107 u pratnji ravnatelja \u0161kole Ser\u0111a Sambli\u0107a, gospo\u0111e Marinke Margan, voditeljice Odsjeka za dru\u0161tvene djelatnosti Grada Krka i Mikule IV. posjetio je u\u010denike prvih razreda Mati\u010dne \u0161kole Krk i Podru\u010dne \u0161kole Vrh. Ovom prigodom uru\u010dio im je malen znak pa\u017enje tj. zanimljiv paketi\u0107 s edukativno-didakti\u010dkom igrom Uduge [&hellip;]<\/p>\n","protected":false},"author":1,"featured_media":0,"comment_status":"open","ping_status":"open","sticky":false,"template":"","format":"standard","meta":[],"categories":[1],"tags":[],"_links":{"self":[{"href":"http:\/\/osnovnaskolakrk.hr\/vrh\/index.php?rest_route=\/wp\/v2\/posts\/1734"}],"collection":[{"href":"http:\/\/osnovnaskolakrk.hr\/vrh\/index.php?rest_route=\/wp\/v2\/posts"}],"about":[{"href":"http:\/\/osnovnaskolakrk.hr\/vrh\/index.php?rest_route=\/wp\/v2\/types\/post"}],"author":[{"embeddable":true,"href":"http:\/\/osnovnaskolakrk.hr\/vrh\/index.php?rest_route=\/wp\/v2\/users\/1"}],"replies":[{"embeddable":true,"href":"http:\/\/osnovnaskolakrk.hr\/vrh\/index.php?rest_route=%2Fwp%2Fv2%2Fcomments&post=1734"}],"version-history":[{"count":1,"href":"http:\/\/osnovnaskolakrk.hr\/vrh\/index.php?rest_route=\/wp\/v2\/posts\/1734\/revisions"}],"predecessor-version":[{"id":1756,"href":"http:\/\/osnovnaskolakrk.hr\/vrh\/index.php?rest_route=\/wp\/v2\/posts\/1734\/revisions\/1756"}],"wp:attachment":[{"href":"http:\/\/osnovnaskolakrk.hr\/vrh\/index.php?rest_route=%2Fwp%2Fv2%2Fmedia&parent=1734"}],"wp:term":[{"taxonomy":"category","embeddable":true,"href":"http:\/\/osnovnaskolakrk.hr\/vrh\/index.php?rest_route=%2Fwp%2Fv2%2Fcategories&post=1734"},{"taxonomy":"post_tag","embeddable":true,"href":"http:\/\/osnovnaskolakrk.hr\/vrh\/index.php?rest_route=%2Fwp%2Fv2%2Ftags&post=1734"}],"curies":[{"name":"wp","href":"https:\/\/api.w.org\/{rel}","templated":true}]}}