{"id":1757,"date":"2016-11-07T08:28:42","date_gmt":"2016-11-07T08:28:42","guid":{"rendered":"http:\/\/osnovnaskolakrk.hr\/vrh\/?p=1757"},"modified":"2016-11-07T12:47:54","modified_gmt":"2016-11-07T12:47:54","slug":"dani-kruha","status":"publish","type":"post","link":"http:\/\/osnovnaskolakrk.hr\/vrh\/?p=1757","title":{"rendered":"Dani kruha"},"content":{"rendered":"<p>Zadnji tjedan u listopadu u na\u0161oj se \u0161koli obilje\u017eavao Dan kruha i plodova zemlje.\u00a0 Dana 26.10.2016. dramska grupa izvela nam je predstava povodom Dana kruha pod nazivom \u201eKuhinjski razgovori\u201c. Priredba se odr\u017eala u 11:35 u u\u010dionici tre\u0107eg razreda. U\u010denici tre\u0107eg razreda pekli su kru\u0161\u010di\u0107e i po\u010dastili se. U\u010denik Stijepan Fija\u010dko je od kartona izradio mlin i pe\u0107nicu za kruh, uz pomo\u0107 Josipa Fija\u010dka i Luane Kosi\u0107.<img class=\"ngg_displayed_gallery mceItem\" src=\"http:\/\/osnovnaskolakrk.hr\/vrh\/index.php\/nextgen-attach_to_post\/preview\/id--1773\" data-mce-placeholder=\"1\" \/><\/p>\n","protected":false},"excerpt":{"rendered":"<p>Zadnji tjedan u listopadu u na\u0161oj se \u0161koli obilje\u017eavao Dan kruha i plodova zemlje.\u00a0 Dana 26.10.2016. dramska grupa izvela nam je predstava povodom Dana kruha pod nazivom \u201eKuhinjski razgovori\u201c. Priredba se odr\u017eala u 11:35 u u\u010dionici tre\u0107eg razreda. U\u010denici tre\u0107eg razreda pekli su kru\u0161\u010di\u0107e i po\u010dastili se. U\u010denik Stijepan Fija\u010dko je od kartona izradio mlin [&hellip;]<\/p>\n","protected":false},"author":1,"featured_media":0,"comment_status":"open","ping_status":"open","sticky":false,"template":"","format":"standard","meta":[],"categories":[1],"tags":[],"_links":{"self":[{"href":"http:\/\/osnovnaskolakrk.hr\/vrh\/index.php?rest_route=\/wp\/v2\/posts\/1757"}],"collection":[{"href":"http:\/\/osnovnaskolakrk.hr\/vrh\/index.php?rest_route=\/wp\/v2\/posts"}],"about":[{"href":"http:\/\/osnovnaskolakrk.hr\/vrh\/index.php?rest_route=\/wp\/v2\/types\/post"}],"author":[{"embeddable":true,"href":"http:\/\/osnovnaskolakrk.hr\/vrh\/index.php?rest_route=\/wp\/v2\/users\/1"}],"replies":[{"embeddable":true,"href":"http:\/\/osnovnaskolakrk.hr\/vrh\/index.php?rest_route=%2Fwp%2Fv2%2Fcomments&post=1757"}],"version-history":[{"count":3,"href":"http:\/\/osnovnaskolakrk.hr\/vrh\/index.php?rest_route=\/wp\/v2\/posts\/1757\/revisions"}],"predecessor-version":[{"id":1775,"href":"http:\/\/osnovnaskolakrk.hr\/vrh\/index.php?rest_route=\/wp\/v2\/posts\/1757\/revisions\/1775"}],"wp:attachment":[{"href":"http:\/\/osnovnaskolakrk.hr\/vrh\/index.php?rest_route=%2Fwp%2Fv2%2Fmedia&parent=1757"}],"wp:term":[{"taxonomy":"category","embeddable":true,"href":"http:\/\/osnovnaskolakrk.hr\/vrh\/index.php?rest_route=%2Fwp%2Fv2%2Fcategories&post=1757"},{"taxonomy":"post_tag","embeddable":true,"href":"http:\/\/osnovnaskolakrk.hr\/vrh\/index.php?rest_route=%2Fwp%2Fv2%2Ftags&post=1757"}],"curies":[{"name":"wp","href":"https:\/\/api.w.org\/{rel}","templated":true}]}}