{"id":1777,"date":"2016-11-19T07:46:33","date_gmt":"2016-11-19T07:46:33","guid":{"rendered":"http:\/\/osnovnaskolakrk.hr\/vrh\/?p=1777"},"modified":"2016-11-19T07:47:09","modified_gmt":"2016-11-19T07:47:09","slug":"18-studenoga-dan-sjecanja-na-zrtvu-vukovara-1991-godine","status":"publish","type":"post","link":"http:\/\/osnovnaskolakrk.hr\/vrh\/?p=1777","title":{"rendered":"18. studenoga- Dan sje\u0107anja na \u017ertvu Vukovara 1991. godine"},"content":{"rendered":"<p>&nbsp;<\/p>\n<p><img loading=\"lazy\" class=\"size-thumbnail wp-image-1779 alignleft\" src=\"http:\/\/osnovnaskolakrk.hr\/vrh\/wp-content\/uploads\/DSCN0963-150x150.jpg\" alt=\"dscn0963\" width=\"150\" height=\"150\" \/>Na dana\u0161nji dan, prije 25 godina, zavr\u0161ila je jedna od najstra\u0161nijih bitaka u Domovinskom ratu- <em>Bitka za Vukovar<\/em>. Nakon tromjese\u010dne herojske obrane branitelji Vukovara polo\u017eili su oru\u017eje. Bila je to jedna od najve\u0107ih tragedija u novijoj hrvatskoj povijesti.<\/p>\n<p>Bitka za Vukovar po\u010dela je 24. kolovoza 1991. godine napadom biv\u0161e JNA i raznih srpskih dobrovolja\u010dkih paravojnih snaga na grad. Suo\u010deni s daleko nadmo\u0107nijom vojnom silom branitelji grada nisu popu\u0161tali bore\u0107i se za svaku ulicu, za svaku ku\u0107u. Ipak, bez prave pomo\u0107i kako u ljudstvu tako i u oru\u017eju obrana je popustila i branitelji su 18. studenoga bili prisiljeni obustaviti daljnju borbu. Okupatorske snage u\u0161le su u Vukovar i po\u010dele protjerivati Vukovarce. Samo iz vukovarske bolnice odvele su i zato\u010dile 261 ranjenog branitelja, civila i bolni\u010dkog djelatnika. U tromjese\u010dnom razdoblju napada na Vukovar poginulo je oko 1.850 branitelja, oko 1.600 civila od \u010dega 86 djece. Ranjeno je 2.500 osoba od \u010dega su 570 ostali trajni invalidi. Bez jednog ili oba roditelja ostalo je 858 djece. U spomen na \u017ertve Vukovara Hrvatski sabor donio je 29. listopada 1999. godine Odluku o progla\u0161enju <strong>Dana sje\u0107anja na \u017ertvu Vukovara 1991. godine<\/strong>, kako bi se dostojanstveno i primjereno odala po\u010dast svim sudionicima obrane Vukovara.<\/p>\n<p>Istoga dana, 18. studenoga 1991. godine, snage JNA- e i pobunjeni doma\u0107i Srbi u\u0161li su u \u0160kabrnju, malo mjesto u zadarskom zale\u0111u, te izvr\u0161ili jedan od najve\u0107ih zlo\u010dina u Domovinskom ratu. Tom prilikom ubijeno je 26 hrvatskih branitelja i 58 civila.<\/p>\n<p>Kao i pro\u0161le, tako se i ove godine na\u0161a \u0161kola na simboli\u010dan na\u010din uklju\u010dila u obilje\u017eavanje vukovarske i \u0161kabrnja\u010dke \u017ertve. Zajedno s u\u010diteljem povijesti Tvrtkom Bo\u017ei\u0107em predstavnici svih razreda (Ema Kosi\u0107, 1. razred; Filip Juras, 2. razred; Alina Kosi\u0107, 3. razred; Petra Bogovi\u0107, 4. razred; Lea Mrakov\u010di\u0107, 5. razred; Lucija Kirin\u010di\u0107, 6. razred; Toni Bogovi\u0107, 7. razred i Bo\u017eidar \u017du\u017ei\u0107, 8. razred) zapalili su svije\u0107e kod sredi\u0161njeg kri\u017ea na groblju u Kosi\u0107u, te u svoje osobno kao i u ime svih u\u010denika i djelatnika na\u0161e \u0161kole odali po\u010dast svim \u017ertvama Domovinskog rata.<\/p>\n<p><img class=\"ngg_displayed_gallery mceItem\" src=\"http:\/\/osnovnaskolakrk.hr\/vrh\/index.php\/nextgen-attach_to_post\/preview\/id--1791\" data-mce-placeholder=\"1\" \/><\/p>\n","protected":false},"excerpt":{"rendered":"<p>&nbsp; Na dana\u0161nji dan, prije 25 godina, zavr\u0161ila je jedna od najstra\u0161nijih bitaka u Domovinskom ratu- Bitka za Vukovar. Nakon tromjese\u010dne herojske obrane branitelji Vukovara polo\u017eili su oru\u017eje. Bila je to jedna od najve\u0107ih tragedija u novijoj hrvatskoj povijesti. Bitka za Vukovar po\u010dela je 24. kolovoza 1991. godine napadom biv\u0161e JNA i raznih srpskih dobrovolja\u010dkih [&hellip;]<\/p>\n","protected":false},"author":1,"featured_media":0,"comment_status":"open","ping_status":"open","sticky":false,"template":"","format":"standard","meta":[],"categories":[1],"tags":[],"_links":{"self":[{"href":"http:\/\/osnovnaskolakrk.hr\/vrh\/index.php?rest_route=\/wp\/v2\/posts\/1777"}],"collection":[{"href":"http:\/\/osnovnaskolakrk.hr\/vrh\/index.php?rest_route=\/wp\/v2\/posts"}],"about":[{"href":"http:\/\/osnovnaskolakrk.hr\/vrh\/index.php?rest_route=\/wp\/v2\/types\/post"}],"author":[{"embeddable":true,"href":"http:\/\/osnovnaskolakrk.hr\/vrh\/index.php?rest_route=\/wp\/v2\/users\/1"}],"replies":[{"embeddable":true,"href":"http:\/\/osnovnaskolakrk.hr\/vrh\/index.php?rest_route=%2Fwp%2Fv2%2Fcomments&post=1777"}],"version-history":[{"count":3,"href":"http:\/\/osnovnaskolakrk.hr\/vrh\/index.php?rest_route=\/wp\/v2\/posts\/1777\/revisions"}],"predecessor-version":[{"id":1794,"href":"http:\/\/osnovnaskolakrk.hr\/vrh\/index.php?rest_route=\/wp\/v2\/posts\/1777\/revisions\/1794"}],"wp:attachment":[{"href":"http:\/\/osnovnaskolakrk.hr\/vrh\/index.php?rest_route=%2Fwp%2Fv2%2Fmedia&parent=1777"}],"wp:term":[{"taxonomy":"category","embeddable":true,"href":"http:\/\/osnovnaskolakrk.hr\/vrh\/index.php?rest_route=%2Fwp%2Fv2%2Fcategories&post=1777"},{"taxonomy":"post_tag","embeddable":true,"href":"http:\/\/osnovnaskolakrk.hr\/vrh\/index.php?rest_route=%2Fwp%2Fv2%2Ftags&post=1777"}],"curies":[{"name":"wp","href":"https:\/\/api.w.org\/{rel}","templated":true}]}}