{"id":1888,"date":"2016-12-05T12:02:10","date_gmt":"2016-12-05T12:02:10","guid":{"rendered":"http:\/\/osnovnaskolakrk.hr\/vrh\/?p=1888"},"modified":"2016-12-05T12:13:21","modified_gmt":"2016-12-05T12:13:21","slug":"najava-tradicionalnog-bozicno-novogodisnjeg-koncerta-2016","status":"publish","type":"post","link":"http:\/\/osnovnaskolakrk.hr\/vrh\/?p=1888","title":{"rendered":"Bo\u017ei\u0107no-novogodi\u0161nji koncert 2016."},"content":{"rendered":"<p><em><br \/>\n<img loading=\"lazy\" class=\"size-full wp-image-1900 alignleft\" src=\"http:\/\/osnovnaskolakrk.hr\/vrh\/wp-content\/uploads\/zvonce.gif\" alt=\"zvonce\" width=\"143\" height=\"143\" \/>Po\u0161tovani roditelji!<\/em><\/p>\n<p align=\"justify\"><em>Kao \u0161to smo to \u010dinili ve\u0107 petnaest uzastopnih godina po\u010detkom prosinca, ponovno Vas \u017eelimo obavijestiti da na\u0161a \u0161kola organizira Bo\u017ei\u0107no-novogodi\u0161nji koncert kojim najavljujemo blagdanski ugo\u0111aj na kraju prvog obrazovnog razdoblja.<\/em><\/p>\n<p align=\"justify\"><em>Kao \u0161to to ve\u0107 dobro znate, na\u0161 koncert ima status \u0161kolskog projekta, okuplja osmo\u0161kolce sa cijelog otoka te prepli\u0107e sadr\u017eaje iz razli\u010ditih predmeta: glazbene kulture, likovne kulture, hrvatskog jezika, informatike. Na\u0161i u\u010ditelji program pripremaju s rado\u0161\u0107u i poletom, a uspje\u0161nost rada ostavljamo Vama kao publici na prosudbu, nadaju\u0107i se da \u0107e poruke dobre volje koje \u0107e tijekom koncerta biti odaslane, doprijeti do Vas.<\/em><\/p>\n<p align=\"justify\"><em>Tako\u0111er znate da je na\u0161 Bo\u017ei\u0107no-novogodi\u0161nji koncert humanitaran i da smo ve\u0107 petnaest puta, udru\u017eeni u \u017eelji da pomognemo,\u00a0 mnogim ljudima u\u010dinili ljep\u0161ima\u00a0 i blagdane i \u017eivot.<\/em><\/p>\n<p align=\"justify\"><em>Ove godine humanitarni smo aspekt koncerta odlu\u010dili namijeniti dvjema osobama iz na\u0161e sredine: Roku Vidakovi\u0107u, u\u010deniku drugog razreda P\u0160 Punat i Hasibi Majeti\u0107, majci na\u0161e u\u010denice 5. razreda iz Krka.<\/em><!--more--><\/p>\n<p align=\"justify\"><em>Roko je dje\u010dak ro\u0111en 2008. godine kojemu je tijekom srpnja dijagnosticiran i operiran tumor na malome mozgu. Trenutno se nalazi na zra\u010denju u \u010de\u0161kom \u201eProton centru\u201c nakon \u010dega se vra\u0107a na lije\u010denje u Zagreb na odjel dje\u010dje bolnice u Klai\u0107evoj, pri Institutu za tumore.<\/em><\/p>\n<p align=\"justify\"><em>Gospo\u0111a Hasiba Majeti\u0107 majka je na\u0161e uzorne u\u010denice 5. razreda kojoj je dijagnosticirana retinitis pigmentosa, odnosno gubljenje vida. Trenutno na desno oko vi\u0161e ne vidi dok je vid lijevoga oka 5%. Operacijom u Rusiji zaustavio bi se potpuni gubitak vida.<\/em><\/p>\n<p align=\"justify\"><em>Pozivamo Vas da za Roka i gospo\u0111u Hasibu donirate koliko mo\u017eete te da informaciju o na\u0161em koncertu i o njegovoj nakani pro\u0161irite dalje svojim \u010dlanovima obitelji, svojim ro\u0111acima, susjedima, prijateljima\u2026<\/em><\/p>\n<p align=\"justify\"><em>Svoj prilog mo\u017eete poslati po djetetu u \u0161kolu ili ga donijeti na koncert u \u010detvrtak, 22. prosinca u sportsku dvoranu srednje \u0161kole \u201eHrvatski kralj Zvonimir\u201c u Krku s po\u010detkom u 17,00 sati.<\/em><\/p>\n<p align=\"justify\"><em>Do\u0111ite na koncert, veliki zbor od \u010detiri stotine malih pjeva\u010da na najljep\u0161i \u0107e Vas na\u010din uvesti u ozra\u010dje blagdana!<\/em><\/p>\n<p><em>S po\u0161tovanjem,<\/em><\/p>\n<p align=\"right\"><em>Ravnatelj \u0161kole:<\/em><\/p>\n<p align=\"right\"><em>Ser\u0111o Sambli\u0107, dipl. u\u010ditelj<\/em><\/p>\n<p>&nbsp;<\/p>\n<p><img loading=\"lazy\" class=\"wp-image-1890 size-full aligncenter\" src=\"http:\/\/osnovnaskolakrk.hr\/vrh\/wp-content\/uploads\/plakat.jpg\" alt=\"plakat\" width=\"565\" height=\"801\" \/><\/p>\n<p>&nbsp;<\/p>\n<p>&nbsp;<\/p>\n<p>&nbsp;<\/p>\n<p>&nbsp;<\/p>\n","protected":false},"excerpt":{"rendered":"<p>Po\u0161tovani roditelji! Kao \u0161to smo to \u010dinili ve\u0107 petnaest uzastopnih godina po\u010detkom prosinca, ponovno Vas \u017eelimo obavijestiti da na\u0161a \u0161kola organizira Bo\u017ei\u0107no-novogodi\u0161nji koncert kojim najavljujemo blagdanski ugo\u0111aj na kraju prvog obrazovnog razdoblja. Kao \u0161to to ve\u0107 dobro znate, na\u0161 koncert ima status \u0161kolskog projekta, okuplja osmo\u0161kolce sa cijelog otoka te prepli\u0107e sadr\u017eaje iz razli\u010ditih predmeta: [&hellip;]<\/p>\n","protected":false},"author":1,"featured_media":0,"comment_status":"open","ping_status":"open","sticky":false,"template":"","format":"standard","meta":[],"categories":[1],"tags":[],"_links":{"self":[{"href":"http:\/\/osnovnaskolakrk.hr\/vrh\/index.php?rest_route=\/wp\/v2\/posts\/1888"}],"collection":[{"href":"http:\/\/osnovnaskolakrk.hr\/vrh\/index.php?rest_route=\/wp\/v2\/posts"}],"about":[{"href":"http:\/\/osnovnaskolakrk.hr\/vrh\/index.php?rest_route=\/wp\/v2\/types\/post"}],"author":[{"embeddable":true,"href":"http:\/\/osnovnaskolakrk.hr\/vrh\/index.php?rest_route=\/wp\/v2\/users\/1"}],"replies":[{"embeddable":true,"href":"http:\/\/osnovnaskolakrk.hr\/vrh\/index.php?rest_route=%2Fwp%2Fv2%2Fcomments&post=1888"}],"version-history":[{"count":7,"href":"http:\/\/osnovnaskolakrk.hr\/vrh\/index.php?rest_route=\/wp\/v2\/posts\/1888\/revisions"}],"predecessor-version":[{"id":1901,"href":"http:\/\/osnovnaskolakrk.hr\/vrh\/index.php?rest_route=\/wp\/v2\/posts\/1888\/revisions\/1901"}],"wp:attachment":[{"href":"http:\/\/osnovnaskolakrk.hr\/vrh\/index.php?rest_route=%2Fwp%2Fv2%2Fmedia&parent=1888"}],"wp:term":[{"taxonomy":"category","embeddable":true,"href":"http:\/\/osnovnaskolakrk.hr\/vrh\/index.php?rest_route=%2Fwp%2Fv2%2Fcategories&post=1888"},{"taxonomy":"post_tag","embeddable":true,"href":"http:\/\/osnovnaskolakrk.hr\/vrh\/index.php?rest_route=%2Fwp%2Fv2%2Ftags&post=1888"}],"curies":[{"name":"wp","href":"https:\/\/api.w.org\/{rel}","templated":true}]}}