{"id":1972,"date":"2017-01-02T12:06:29","date_gmt":"2017-01-02T12:06:29","guid":{"rendered":"http:\/\/osnovnaskolakrk.hr\/vrh\/?p=1972"},"modified":"2017-01-02T12:06:29","modified_gmt":"2017-01-02T12:06:29","slug":"bozicni-sajam-u-skoli","status":"publish","type":"post","link":"http:\/\/osnovnaskolakrk.hr\/vrh\/?p=1972","title":{"rendered":"Bo\u017ei\u0107ni sajam u \u0161koli"},"content":{"rendered":"<p>15.12.2016. su u\u010denici 5.r. P\u0160 Vrh odr\u017eali bo\u017ei\u0107ni sajam za cijelu \u0161kolu.<\/p>\n<p>Kod ku\u0107e izra\u0111ivali razne bo\u017ei\u0107ne ukrase koje smo donijeli u \u0161kolu s odre\u0111enim cijenama. Taj dan ujutro smo skupili sve izra\u0111ene ukrase i poslagali ih po stolovima.<\/p>\n<p>Kad je zvonilo za odmor, svi u\u010ditelji i u\u010denici su odmah navalili i ve\u0107\u00a0 prvi odmor smo skupili mnogo novca. Svaki odmor smo prodavali.<\/p>\n<p>Bila je velika buka i gu\u017eva. Bilo je sve manje ukrasa. 4. sat par u\u010denika je sve po\u010distilo po\u010distilo i zbrojilo novce. Skupili smo dosta novaca i bili smo iznena\u0111eni. Taj novac \u0107e nam poslu\u017eit za sljede\u0107i izlet.<\/p>\n<p>Bilo nam je lijepo i zabavno dok smo izra\u0111ivali i prodavali i htjeli bismo opet to ponoviti.<\/p>\n<p>Emili\u00a0 Depope\u00a0 5.r.<\/p>\n<p><img class=\"ngg_displayed_gallery mceItem\" src=\"http:\/\/osnovnaskolakrk.hr\/vrh\/index.php\/nextgen-attach_to_post\/preview\/id--1985\" data-mce-placeholder=\"1\" \/><\/p>\n","protected":false},"excerpt":{"rendered":"<p>15.12.2016. su u\u010denici 5.r. P\u0160 Vrh odr\u017eali bo\u017ei\u0107ni sajam za cijelu \u0161kolu. Kod ku\u0107e izra\u0111ivali razne bo\u017ei\u0107ne ukrase koje smo donijeli u \u0161kolu s odre\u0111enim cijenama. Taj dan ujutro smo skupili sve izra\u0111ene ukrase i poslagali ih po stolovima. Kad je zvonilo za odmor, svi u\u010ditelji i u\u010denici su odmah navalili i ve\u0107\u00a0 prvi odmor [&hellip;]<\/p>\n","protected":false},"author":1,"featured_media":0,"comment_status":"open","ping_status":"open","sticky":false,"template":"","format":"standard","meta":[],"categories":[1],"tags":[],"_links":{"self":[{"href":"http:\/\/osnovnaskolakrk.hr\/vrh\/index.php?rest_route=\/wp\/v2\/posts\/1972"}],"collection":[{"href":"http:\/\/osnovnaskolakrk.hr\/vrh\/index.php?rest_route=\/wp\/v2\/posts"}],"about":[{"href":"http:\/\/osnovnaskolakrk.hr\/vrh\/index.php?rest_route=\/wp\/v2\/types\/post"}],"author":[{"embeddable":true,"href":"http:\/\/osnovnaskolakrk.hr\/vrh\/index.php?rest_route=\/wp\/v2\/users\/1"}],"replies":[{"embeddable":true,"href":"http:\/\/osnovnaskolakrk.hr\/vrh\/index.php?rest_route=%2Fwp%2Fv2%2Fcomments&post=1972"}],"version-history":[{"count":1,"href":"http:\/\/osnovnaskolakrk.hr\/vrh\/index.php?rest_route=\/wp\/v2\/posts\/1972\/revisions"}],"predecessor-version":[{"id":1986,"href":"http:\/\/osnovnaskolakrk.hr\/vrh\/index.php?rest_route=\/wp\/v2\/posts\/1972\/revisions\/1986"}],"wp:attachment":[{"href":"http:\/\/osnovnaskolakrk.hr\/vrh\/index.php?rest_route=%2Fwp%2Fv2%2Fmedia&parent=1972"}],"wp:term":[{"taxonomy":"category","embeddable":true,"href":"http:\/\/osnovnaskolakrk.hr\/vrh\/index.php?rest_route=%2Fwp%2Fv2%2Fcategories&post=1972"},{"taxonomy":"post_tag","embeddable":true,"href":"http:\/\/osnovnaskolakrk.hr\/vrh\/index.php?rest_route=%2Fwp%2Fv2%2Ftags&post=1972"}],"curies":[{"name":"wp","href":"https:\/\/api.w.org\/{rel}","templated":true}]}}