{"id":2006,"date":"2017-01-29T09:14:34","date_gmt":"2017-01-29T09:14:34","guid":{"rendered":"http:\/\/osnovnaskolakrk.hr\/vrh\/?p=2006"},"modified":"2017-01-29T09:19:21","modified_gmt":"2017-01-29T09:19:21","slug":"dan-sjecanja-na-holokaust-i-sprjecavanja-zlocina-protiv-covjecnosti-27-sijecnja","status":"publish","type":"post","link":"http:\/\/osnovnaskolakrk.hr\/vrh\/?p=2006","title":{"rendered":"Dan sje\u0107anja na holokaust i sprje\u010davanja zlo\u010dina protiv \u010dovje\u010dnosti- 27. sije\u010dnja"},"content":{"rendered":"<p><img loading=\"lazy\" class=\"size-thumbnail wp-image-2007 alignleft\" src=\"http:\/\/osnovnaskolakrk.hr\/vrh\/wp-content\/uploads\/IMG_8003-150x150.jpg\" alt=\"\" width=\"150\" height=\"150\" \/>Drugu godinu zaredom kr\u010dki osma\u0161i obilje\u017eili su <em>Dan sje\u0107anja na holokaust i sprje\u010davanja zlo\u010dina protiv \u010dovje\u010dnosti<\/em>. Nakon pro\u0161logodi\u0161njeg okupljanja u M\u0160 Krk, ove godine \u0161kola- doma\u0107in obilje\u017eavanja ovog va\u017enog dana bila je O\u0160 Omi\u0161alj. Organizaciju i provedbu skupa proveli su Udruga antifa\u0161isti\u010dkih boraca otoka Krka i Stru\u010dni aktivi u\u010diteljica\/ u\u010ditelja povijesti kr\u010dkih osnovnih \u0161kola.<\/p>\n<p>Svoje dojmove prenijela nam je u\u010denica VIII. razreda Lucija \u0160poljarevi\u0107:<!--more--><\/p>\n<p><em>&#8220;Dana 20. sije\u010dnja posjetili smo Osnovnu \u0161kolu Omi\u0161alj jer se ondje obilje\u017eavao Dan sje\u0107anja na holokaust. <\/em><\/p>\n<p><em>Krenuli smo oko 11.30 sati. Kada smo stigli, u \u0161kolskoj dvorani su bili izlo\u017eeni plakati na temu holokausta, plakati sa imenima Kr\u010dana koji su zavr\u0161ili u talijanskim i njema\u010dkim logorima u vrijeme Drugoga svjetskog rata. Tijekom razgledavanja plakata okuplili su se u\u010denici iz drugih \u0161kola sa otoka.<\/em><\/p>\n<p><em>Nakon \u0161to smo svi sjeli na tribine po\u010deo je film koji se zvao Povratak posljednjeg. Film je trajao 25-30 minuta. U filmu je Oleg Mandi\u0107 pripovijedao o svojoj obitelji i \u017eivotu. Najvi\u0161e se govorilo o njegovom boravku u Auschwitzu- najve\u0107em njema\u010dkom logru u Drugom svjetskom ratu.<\/em><\/p>\n<p><em>Oleg Mandi\u0107 je danas 83-godi\u0161njak koji je kao posljedni logora\u0161 s ovih prostora iza\u0161ao iz Auschwitza nakon njegova osloba\u0111anja 27. sije\u010dnja 1945. godine. <\/em><\/p>\n<p><em>Nakon filma gospodin Mandi\u0107 opse\u017eno je odgovarao na na\u0161a pitanja. Ispri\u010dao nam je svoju \u017eivotnu pri\u010du i iznio neke \u0161okantne \u010dinjenice.<\/em><\/p>\n<p><em>Izlaganje je zavr\u0161ilo oko 15.00 sati, s time da je gospodin Mandi\u0107 rekao da bi nam mogao danima pri\u010dati o tome.&#8221;<\/em><\/p>\n<p>&nbsp;<\/p>\n<p><img loading=\"lazy\" class=\"wp-image-2010 aligncenter\" src=\"http:\/\/osnovnaskolakrk.hr\/vrh\/wp-content\/uploads\/Decorative-Line-Black-PNG-Pic-150x150.png\" alt=\"\" width=\"156\" height=\"156\" \/><\/p>\n","protected":false},"excerpt":{"rendered":"<p>Drugu godinu zaredom kr\u010dki osma\u0161i obilje\u017eili su Dan sje\u0107anja na holokaust i sprje\u010davanja zlo\u010dina protiv \u010dovje\u010dnosti. Nakon pro\u0161logodi\u0161njeg okupljanja u M\u0160 Krk, ove godine \u0161kola- doma\u0107in obilje\u017eavanja ovog va\u017enog dana bila je O\u0160 Omi\u0161alj. Organizaciju i provedbu skupa proveli su Udruga antifa\u0161isti\u010dkih boraca otoka Krka i Stru\u010dni aktivi u\u010diteljica\/ u\u010ditelja povijesti kr\u010dkih osnovnih \u0161kola. Svoje [&hellip;]<\/p>\n","protected":false},"author":1,"featured_media":0,"comment_status":"open","ping_status":"open","sticky":false,"template":"","format":"standard","meta":[],"categories":[1],"tags":[],"_links":{"self":[{"href":"http:\/\/osnovnaskolakrk.hr\/vrh\/index.php?rest_route=\/wp\/v2\/posts\/2006"}],"collection":[{"href":"http:\/\/osnovnaskolakrk.hr\/vrh\/index.php?rest_route=\/wp\/v2\/posts"}],"about":[{"href":"http:\/\/osnovnaskolakrk.hr\/vrh\/index.php?rest_route=\/wp\/v2\/types\/post"}],"author":[{"embeddable":true,"href":"http:\/\/osnovnaskolakrk.hr\/vrh\/index.php?rest_route=\/wp\/v2\/users\/1"}],"replies":[{"embeddable":true,"href":"http:\/\/osnovnaskolakrk.hr\/vrh\/index.php?rest_route=%2Fwp%2Fv2%2Fcomments&post=2006"}],"version-history":[{"count":3,"href":"http:\/\/osnovnaskolakrk.hr\/vrh\/index.php?rest_route=\/wp\/v2\/posts\/2006\/revisions"}],"predecessor-version":[{"id":2011,"href":"http:\/\/osnovnaskolakrk.hr\/vrh\/index.php?rest_route=\/wp\/v2\/posts\/2006\/revisions\/2011"}],"wp:attachment":[{"href":"http:\/\/osnovnaskolakrk.hr\/vrh\/index.php?rest_route=%2Fwp%2Fv2%2Fmedia&parent=2006"}],"wp:term":[{"taxonomy":"category","embeddable":true,"href":"http:\/\/osnovnaskolakrk.hr\/vrh\/index.php?rest_route=%2Fwp%2Fv2%2Fcategories&post=2006"},{"taxonomy":"post_tag","embeddable":true,"href":"http:\/\/osnovnaskolakrk.hr\/vrh\/index.php?rest_route=%2Fwp%2Fv2%2Ftags&post=2006"}],"curies":[{"name":"wp","href":"https:\/\/api.w.org\/{rel}","templated":true}]}}