{"id":2037,"date":"2017-02-09T10:41:45","date_gmt":"2017-02-09T10:41:45","guid":{"rendered":"http:\/\/osnovnaskolakrk.hr\/vrh\/?p=2037"},"modified":"2017-02-09T10:41:45","modified_gmt":"2017-02-09T10:41:45","slug":"noc-muzeja-2017","status":"publish","type":"post","link":"http:\/\/osnovnaskolakrk.hr\/vrh\/?p=2037","title":{"rendered":"No\u0107 muzeja 2017."},"content":{"rendered":"<p style=\"text-align: left;\"><img loading=\"lazy\" class=\"alignleft wp-image-2038\" src=\"http:\/\/osnovnaskolakrk.hr\/vrh\/wp-content\/uploads\/IMG_20170127_210031-150x150.jpg\" width=\"232\" height=\"232\" \/>Ve\u0107 drugu godinu zaredom neki u\u010denici P\u0160 Vrh zajedno s u\u010diteljicom Mirelom Sparo\u017ei\u0107 posje\u0107uju manifestaciju No\u0107 muzeja. Ove se je godine odr\u017eala 27. sije\u010dnja.<\/p>\n<p style=\"text-align: left;\">Bili smo u Etno-ku\u0107i u Korni\u0107u, gdje smo slu\u0161ali o izradi sopela, piska, o samoj etno-ku\u0107i i njenoj obnovi i ure\u0111enju od gosp. Damira Kremeni\u0107a.<\/p>\n<p style=\"text-align: left;\">Nakon Korni\u0107a posjetili smo Sv. Vid, tj. arheolo\u0161ko nalazi\u0161te Cickino. Tamo nas je do\u010dekao na\u010delnik Op\u0107ine Malinska-Duba\u0161nica gosp. Robert Kralji\u0107, koji nas je uveo u muzej te odr\u017eao predavanje o novootkrivenom nalazi\u0161tu u \u0161umi.<\/p>\n<p style=\"text-align: left;\">Bili smo jako veseli i zainteresirani za sadr\u017eaje usprkos velikoj hladno\u0107i. Ku\u0107ama smo se vratili kasno nave\u010der.<\/p>\n<p style=\"text-align: left;\">\n<p style=\"text-align: left;\">Peta\u0161i i sedma\u0161i P\u0160 Vrh<\/p>\n<p>&nbsp;<\/p>\n","protected":false},"excerpt":{"rendered":"<p>Ve\u0107 drugu godinu zaredom neki u\u010denici P\u0160 Vrh zajedno s u\u010diteljicom Mirelom Sparo\u017ei\u0107 posje\u0107uju manifestaciju No\u0107 muzeja. Ove se je godine odr\u017eala 27. sije\u010dnja. Bili smo u Etno-ku\u0107i u Korni\u0107u, gdje smo slu\u0161ali o izradi sopela, piska, o samoj etno-ku\u0107i i njenoj obnovi i ure\u0111enju od gosp. Damira Kremeni\u0107a. Nakon Korni\u0107a posjetili smo Sv. Vid, [&hellip;]<\/p>\n","protected":false},"author":1,"featured_media":0,"comment_status":"open","ping_status":"open","sticky":false,"template":"","format":"standard","meta":[],"categories":[1],"tags":[],"_links":{"self":[{"href":"http:\/\/osnovnaskolakrk.hr\/vrh\/index.php?rest_route=\/wp\/v2\/posts\/2037"}],"collection":[{"href":"http:\/\/osnovnaskolakrk.hr\/vrh\/index.php?rest_route=\/wp\/v2\/posts"}],"about":[{"href":"http:\/\/osnovnaskolakrk.hr\/vrh\/index.php?rest_route=\/wp\/v2\/types\/post"}],"author":[{"embeddable":true,"href":"http:\/\/osnovnaskolakrk.hr\/vrh\/index.php?rest_route=\/wp\/v2\/users\/1"}],"replies":[{"embeddable":true,"href":"http:\/\/osnovnaskolakrk.hr\/vrh\/index.php?rest_route=%2Fwp%2Fv2%2Fcomments&post=2037"}],"version-history":[{"count":1,"href":"http:\/\/osnovnaskolakrk.hr\/vrh\/index.php?rest_route=\/wp\/v2\/posts\/2037\/revisions"}],"predecessor-version":[{"id":2039,"href":"http:\/\/osnovnaskolakrk.hr\/vrh\/index.php?rest_route=\/wp\/v2\/posts\/2037\/revisions\/2039"}],"wp:attachment":[{"href":"http:\/\/osnovnaskolakrk.hr\/vrh\/index.php?rest_route=%2Fwp%2Fv2%2Fmedia&parent=2037"}],"wp:term":[{"taxonomy":"category","embeddable":true,"href":"http:\/\/osnovnaskolakrk.hr\/vrh\/index.php?rest_route=%2Fwp%2Fv2%2Fcategories&post=2037"},{"taxonomy":"post_tag","embeddable":true,"href":"http:\/\/osnovnaskolakrk.hr\/vrh\/index.php?rest_route=%2Fwp%2Fv2%2Ftags&post=2037"}],"curies":[{"name":"wp","href":"https:\/\/api.w.org\/{rel}","templated":true}]}}