{"id":2134,"date":"2017-02-22T12:44:47","date_gmt":"2017-02-22T12:44:47","guid":{"rendered":"http:\/\/osnovnaskolakrk.hr\/vrh\/?p=2134"},"modified":"2017-02-22T12:48:22","modified_gmt":"2017-02-22T12:48:22","slug":"dan-ruzicastih-majica","status":"publish","type":"post","link":"http:\/\/osnovnaskolakrk.hr\/vrh\/?p=2134","title":{"rendered":"Dan ru\u017ei\u010dastih majica"},"content":{"rendered":"<p>U\u010denici i u\u010ditelji P\u0160 Vrh pridru\u017eili su se ve\u0107ini odgojno &#8211; obrazovnihustanova uHrvatskoj, te \u00a0u srijedu, 22. velja\u010de 2017.svojim ru\u017ei\u010dastim majicama obilje\u017eili Dan ru\u017ei\u010dastih majica, poznat kao Pink Shirt Day i poru\u010dili:<\/p>\n<p><img loading=\"lazy\" class=\"aligncenter wp-image-2135 \" src=\"http:\/\/osnovnaskolakrk.hr\/vrh\/wp-content\/uploads\/P_day.jpg\" width=\"400\" height=\"400\" srcset=\"http:\/\/osnovnaskolakrk.hr\/vrh\/wp-content\/uploads\/P_day.jpg 640w, http:\/\/osnovnaskolakrk.hr\/vrh\/wp-content\/uploads\/P_day-150x150.jpg 150w, http:\/\/osnovnaskolakrk.hr\/vrh\/wp-content\/uploads\/P_day-624x624.jpg 624w\" sizes=\"(max-width: 400px) 100vw, 400px\" \/><\/p>\n<h1 style=\"text-align: center;\"><span style=\"color: #ff00ff;\"><strong>NASILJE PRESTAJE OVDJE!<\/strong><\/span><\/h1>\n","protected":false},"excerpt":{"rendered":"<p>U\u010denici i u\u010ditelji P\u0160 Vrh pridru\u017eili su se ve\u0107ini odgojno &#8211; obrazovnihustanova uHrvatskoj, te \u00a0u srijedu, 22. velja\u010de 2017.svojim ru\u017ei\u010dastim majicama obilje\u017eili Dan ru\u017ei\u010dastih majica, poznat kao Pink Shirt Day i poru\u010dili: NASILJE PRESTAJE OVDJE!<\/p>\n","protected":false},"author":1,"featured_media":0,"comment_status":"open","ping_status":"open","sticky":false,"template":"","format":"standard","meta":[],"categories":[1],"tags":[],"_links":{"self":[{"href":"http:\/\/osnovnaskolakrk.hr\/vrh\/index.php?rest_route=\/wp\/v2\/posts\/2134"}],"collection":[{"href":"http:\/\/osnovnaskolakrk.hr\/vrh\/index.php?rest_route=\/wp\/v2\/posts"}],"about":[{"href":"http:\/\/osnovnaskolakrk.hr\/vrh\/index.php?rest_route=\/wp\/v2\/types\/post"}],"author":[{"embeddable":true,"href":"http:\/\/osnovnaskolakrk.hr\/vrh\/index.php?rest_route=\/wp\/v2\/users\/1"}],"replies":[{"embeddable":true,"href":"http:\/\/osnovnaskolakrk.hr\/vrh\/index.php?rest_route=%2Fwp%2Fv2%2Fcomments&post=2134"}],"version-history":[{"count":8,"href":"http:\/\/osnovnaskolakrk.hr\/vrh\/index.php?rest_route=\/wp\/v2\/posts\/2134\/revisions"}],"predecessor-version":[{"id":2145,"href":"http:\/\/osnovnaskolakrk.hr\/vrh\/index.php?rest_route=\/wp\/v2\/posts\/2134\/revisions\/2145"}],"wp:attachment":[{"href":"http:\/\/osnovnaskolakrk.hr\/vrh\/index.php?rest_route=%2Fwp%2Fv2%2Fmedia&parent=2134"}],"wp:term":[{"taxonomy":"category","embeddable":true,"href":"http:\/\/osnovnaskolakrk.hr\/vrh\/index.php?rest_route=%2Fwp%2Fv2%2Fcategories&post=2134"},{"taxonomy":"post_tag","embeddable":true,"href":"http:\/\/osnovnaskolakrk.hr\/vrh\/index.php?rest_route=%2Fwp%2Fv2%2Ftags&post=2134"}],"curies":[{"name":"wp","href":"https:\/\/api.w.org\/{rel}","templated":true}]}}