{"id":2366,"date":"2017-06-01T06:57:18","date_gmt":"2017-06-01T06:57:18","guid":{"rendered":"http:\/\/osnovnaskolakrk.hr\/vrh\/?p=2366"},"modified":"2017-06-01T06:58:41","modified_gmt":"2017-06-01T06:58:41","slug":"krasna-zemljo-istro-mila-cjelodnevni-skolski-izlet-sestasa","status":"publish","type":"post","link":"http:\/\/osnovnaskolakrk.hr\/vrh\/?p=2366","title":{"rendered":"&#8220;Krasna zemljo, Istro mila!&#8221;- cjelodnevni \u0161kolski izlet \u0161esta\u0161a"},"content":{"rendered":"<p><img loading=\"lazy\" class=\"wp-image-2367 alignleft\" src=\"http:\/\/osnovnaskolakrk.hr\/vrh\/wp-content\/uploads\/Hum.jpg\" alt=\"\" width=\"286\" height=\"215\">Dana 27. svibnja 2017. godine u organizaciji Turisti\u010dke agencije Olivari d. o. o. iz Malinske izveden je cjelodnevni \u0161kolski izlet u\u010denika VI. razreda P\u0160 Vrh na lokacijama Ro\u010d- Aleja glagolja\u0161a- Hum- Pore\u010d. Na izlet je u 7.45 sati ispred P\u0160 Vrh krenuo 21 u\u010denik pod vodstvom razrednika Tvrtka Bo\u017ei\u0107a.<\/p>\n<p style=\"text-align: justify;\">Cilj \u0161kolskog izleta bio je da se u\u010denici pobli\u017ee upoznaju sa istarskom glagolja\u0161kom ba\u0161tinom, tradicionalnom arhitekturom, te kulturno- povijesnim spomenicima od kojih su neki pod za\u0161titom UNESCO- a (Eufrazijeva bazilika u Pore\u010du).<!--more--><\/p>\n<p style=\"text-align: justify;\">U Ro\u010du su u\u010denici obi\u0161li stari ro\u010dki ka\u0161tel, \u017eupnu crkvu Sv. Bartula, crkvu sv. Antuna Opata i spomenik \u017eakanu Jurju, vjesniku hrvatskog glagoljskog prvotiska. Nakon razgleda Ro\u010da slijedila je Aleja glagolja\u0161a sa svojih jedanaest spomenika u spomen na tradiciju hrvatske pismenosti, kulture i duhovnosti. U\u010denici su se zaustavljali kod pojedinih spomenika i na licu mjesta prenosili jedni drugima svoja saznanja o njima.<\/p>\n<p style=\"text-align: justify;\">U Humu, najmanjem gradu na svijetu, u\u010denici su obi\u0161li staru gradsku jezgru, crkvu Marijina Uznesenja i crkvu sv. Jeronima (Jerolima), poznatu po freskama i najstarijim glagoljskim grafitima koji potje\u010du iz XII. stolje\u0107a, a koje je otkrio Branko Fu\u010di\u0107, poznati hrvatski povjesni\u010dar umjetnosti rodom iz Duba\u0161nice.<\/p>\n<p style=\"text-align: justify;\">U Pore\u010du su u\u010denici obi\u0161li gradsku jezgru sa rimskim forumom i bizantsku crkvu iz VI. stolje\u0107a- Eufrazijevu baziliku, koja je zbog svoje posebne arhitektonske i crkvene vrijednosti uvr\u0161tena na UNESCO- ov popis za\u0161ti\u0107ene svjetske kulturno- povijesne ba\u0161tine.<\/p>\n<p style=\"text-align: justify;\">Nakon razgleda Pore\u010da slijedio je povratak na otok Krk. Bio je ovo jedan koristan i edukativan \u0161kolski izlet. U\u010denici su, nakrcani Fidget Spinnerima, stigli svojim ku\u0107ama oko 18.00 sati.<\/p>\n<p>RAZREDNIK VI. RAZREDA:<\/p>\n<p>Tvrtko Bo\u017ei\u0107<\/p>\n<p>&nbsp;<\/p>\n<p>[ngg_images source=&#8221;galleries&#8221; container_ids=&#8221;20&#8243; display_type=&#8221;photocrati-nextgen_basic_thumbnails&#8221; override_thumbnail_settings=&#8221;0&#8243; thumbnail_width=&#8221;240&#8243; thumbnail_height=&#8221;160&#8243; thumbnail_crop=&#8221;1&#8243; images_per_page=&#8221;2&#8243; number_of_columns=&#8221;0&#8243; ajax_pagination=&#8221;0&#8243; show_all_in_lightbox=&#8221;0&#8243; use_imagebrowser_effect=&#8221;0&#8243; show_slideshow_link=&#8221;1&#8243; slideshow_link_text=&#8221;Istra&#8221; order_by=&#8221;sortorder&#8221; order_direction=&#8221;ASC&#8221; returns=&#8221;included&#8221; maximum_entity_count=&#8221;500&#8243;]<\/p>\n","protected":false},"excerpt":{"rendered":"<p>Dana 27. svibnja 2017. godine u organizaciji Turisti\u010dke agencije Olivari d. o. o. iz Malinske izveden je cjelodnevni \u0161kolski izlet u\u010denika VI. razreda P\u0160 Vrh na lokacijama Ro\u010d- Aleja glagolja\u0161a- Hum- Pore\u010d. Na izlet je u 7.45 sati ispred P\u0160 Vrh krenuo 21 u\u010denik pod vodstvom razrednika Tvrtka Bo\u017ei\u0107a. Cilj \u0161kolskog izleta bio je da [&hellip;]<\/p>\n","protected":false},"author":1,"featured_media":0,"comment_status":"open","ping_status":"open","sticky":false,"template":"","format":"standard","meta":[],"categories":[1],"tags":[],"_links":{"self":[{"href":"http:\/\/osnovnaskolakrk.hr\/vrh\/index.php?rest_route=\/wp\/v2\/posts\/2366"}],"collection":[{"href":"http:\/\/osnovnaskolakrk.hr\/vrh\/index.php?rest_route=\/wp\/v2\/posts"}],"about":[{"href":"http:\/\/osnovnaskolakrk.hr\/vrh\/index.php?rest_route=\/wp\/v2\/types\/post"}],"author":[{"embeddable":true,"href":"http:\/\/osnovnaskolakrk.hr\/vrh\/index.php?rest_route=\/wp\/v2\/users\/1"}],"replies":[{"embeddable":true,"href":"http:\/\/osnovnaskolakrk.hr\/vrh\/index.php?rest_route=%2Fwp%2Fv2%2Fcomments&post=2366"}],"version-history":[{"count":3,"href":"http:\/\/osnovnaskolakrk.hr\/vrh\/index.php?rest_route=\/wp\/v2\/posts\/2366\/revisions"}],"predecessor-version":[{"id":2388,"href":"http:\/\/osnovnaskolakrk.hr\/vrh\/index.php?rest_route=\/wp\/v2\/posts\/2366\/revisions\/2388"}],"wp:attachment":[{"href":"http:\/\/osnovnaskolakrk.hr\/vrh\/index.php?rest_route=%2Fwp%2Fv2%2Fmedia&parent=2366"}],"wp:term":[{"taxonomy":"category","embeddable":true,"href":"http:\/\/osnovnaskolakrk.hr\/vrh\/index.php?rest_route=%2Fwp%2Fv2%2Fcategories&post=2366"},{"taxonomy":"post_tag","embeddable":true,"href":"http:\/\/osnovnaskolakrk.hr\/vrh\/index.php?rest_route=%2Fwp%2Fv2%2Ftags&post=2366"}],"curies":[{"name":"wp","href":"https:\/\/api.w.org\/{rel}","templated":true}]}}