{"id":2608,"date":"2017-10-29T16:54:08","date_gmt":"2017-10-29T16:54:08","guid":{"rendered":"http:\/\/osnovnaskolakrk.hr\/vrh\/?p=2608"},"modified":"2017-10-29T16:55:36","modified_gmt":"2017-10-29T16:55:36","slug":"projekt-%cb%9dzajedno-u-mediteranskom-vrtu%cb%9d-listopad","status":"publish","type":"post","link":"http:\/\/osnovnaskolakrk.hr\/vrh\/?p=2608","title":{"rendered":"Projekt \u02ddZajedno u Mediteranskom vrtu\u02dd &#8211; listopad"},"content":{"rendered":"<p><img loading=\"lazy\" class=\"alignleft wp-image-2620\" src=\"http:\/\/osnovnaskolakrk.hr\/vrh\/wp-content\/uploads\/IMG-ba33ac7f6390aa6671addf9ab2d415f4-V.jpg\" alt=\"\" width=\"207\" height=\"155\" srcset=\"http:\/\/osnovnaskolakrk.hr\/vrh\/wp-content\/uploads\/IMG-ba33ac7f6390aa6671addf9ab2d415f4-V.jpg 640w, http:\/\/osnovnaskolakrk.hr\/vrh\/wp-content\/uploads\/IMG-ba33ac7f6390aa6671addf9ab2d415f4-V-624x468.jpg 624w\" sizes=\"(max-width: 207px) 100vw, 207px\" \/> BERBA MASLINA<\/p>\n<p>I ove smo \u0161kolske godine odlu\u010dili nastaviti projekt \u02ddZajedno u Mediteranskom vrtu\u02dd. U mjesecu listopadu najve\u0107a je briga, ali i zadovoljstvo berba maslina. U na\u0161em Vrtu ima desetak mladih stabala maslina, koje su bogato rodile.<\/p>\n<p>Tjedan dana, u\u010denici od 1. do 4. razreda, izmjenjivali su se u branju tih jesenskih plodova. U\u017eivaju\u0107i na svje\u017eem zraku, vrijedne su ruke na\u0161ih u\u010denika i njihovih&nbsp; u\u010diteljica ubrale 142 kg maslina. &nbsp;Masline smo o\u010distili od granja i listova, te odnijeli na preradu u uljaru \u02ddNono\u02dd.<\/p>\n<p>Zadovoljni smo i vrlo ponosni na svoja 12 l pravog, ekolo\u0161kog maslinovog ulja. Ulje \u0107emo pohraniti u tamnozelene staklene bo\u010dice kako ne bi izgubilo na kvaliteti, a u\u010denici \u0107e ga mo\u0107i degustirati i jesti tijekom svojih \u0161kolskih obroka.<\/p>\n<p>Zahvaljujemo svima koji su pomogli u ostvarivanju ovog projekta.&nbsp; Najvi\u0161e zahvaljujemo vlasniku uljare \u02ddNono\u02dd, gsp. Sini\u0161i Tudoru te se najavljujemo i dogodine!<\/p>\n<p>[ngg_images source=&#8221;galleries&#8221; container_ids=&#8221;26&#8243; display_type=&#8221;photocrati-nextgen_basic_slideshow&#8221; gallery_width=&#8221;600&#8243; gallery_height=&#8221;400&#8243; cycle_effect=&#8221;scrollUp&#8221; cycle_interval=&#8221;10&#8243; show_thumbnail_link=&#8221;1&#8243; thumbnail_link_text=&#8221;u Mediteranskom vrtu&#8221; order_by=&#8221;sortorder&#8221; order_direction=&#8221;ASC&#8221; returns=&#8221;included&#8221; maximum_entity_count=&#8221;500&#8243;]&nbsp;<\/p>\n<p>&nbsp;<\/p>\n","protected":false},"excerpt":{"rendered":"<p>BERBA MASLINA I ove smo \u0161kolske godine odlu\u010dili nastaviti projekt \u02ddZajedno u Mediteranskom vrtu\u02dd. U mjesecu listopadu najve\u0107a je briga, ali i zadovoljstvo berba maslina. U na\u0161em Vrtu ima desetak mladih stabala maslina, koje su bogato rodile. Tjedan dana, u\u010denici od 1. do 4. razreda, izmjenjivali su se u branju tih jesenskih plodova. U\u017eivaju\u0107i na [&hellip;]<\/p>\n","protected":false},"author":1,"featured_media":0,"comment_status":"open","ping_status":"open","sticky":false,"template":"","format":"standard","meta":[],"categories":[1],"tags":[],"_links":{"self":[{"href":"http:\/\/osnovnaskolakrk.hr\/vrh\/index.php?rest_route=\/wp\/v2\/posts\/2608"}],"collection":[{"href":"http:\/\/osnovnaskolakrk.hr\/vrh\/index.php?rest_route=\/wp\/v2\/posts"}],"about":[{"href":"http:\/\/osnovnaskolakrk.hr\/vrh\/index.php?rest_route=\/wp\/v2\/types\/post"}],"author":[{"embeddable":true,"href":"http:\/\/osnovnaskolakrk.hr\/vrh\/index.php?rest_route=\/wp\/v2\/users\/1"}],"replies":[{"embeddable":true,"href":"http:\/\/osnovnaskolakrk.hr\/vrh\/index.php?rest_route=%2Fwp%2Fv2%2Fcomments&post=2608"}],"version-history":[{"count":3,"href":"http:\/\/osnovnaskolakrk.hr\/vrh\/index.php?rest_route=\/wp\/v2\/posts\/2608\/revisions"}],"predecessor-version":[{"id":2661,"href":"http:\/\/osnovnaskolakrk.hr\/vrh\/index.php?rest_route=\/wp\/v2\/posts\/2608\/revisions\/2661"}],"wp:attachment":[{"href":"http:\/\/osnovnaskolakrk.hr\/vrh\/index.php?rest_route=%2Fwp%2Fv2%2Fmedia&parent=2608"}],"wp:term":[{"taxonomy":"category","embeddable":true,"href":"http:\/\/osnovnaskolakrk.hr\/vrh\/index.php?rest_route=%2Fwp%2Fv2%2Fcategories&post=2608"},{"taxonomy":"post_tag","embeddable":true,"href":"http:\/\/osnovnaskolakrk.hr\/vrh\/index.php?rest_route=%2Fwp%2Fv2%2Ftags&post=2608"}],"curies":[{"name":"wp","href":"https:\/\/api.w.org\/{rel}","templated":true}]}}