{"id":2662,"date":"2017-10-29T16:57:30","date_gmt":"2017-10-29T16:57:30","guid":{"rendered":"http:\/\/osnovnaskolakrk.hr\/vrh\/?p=2662"},"modified":"2017-10-29T16:57:51","modified_gmt":"2017-10-29T16:57:51","slug":"seminar-junior-spasilac-11-13-listopada-2017-g","status":"publish","type":"post","link":"http:\/\/osnovnaskolakrk.hr\/vrh\/?p=2662","title":{"rendered":"Seminar &#8220;Junior spasilac&#8221; (11.- 13. listopada 2017. g.)"},"content":{"rendered":"<p>U\u010denice VII. razreda, <strong>Sabrina Magdi\u0107 <\/strong>i<strong> Marta Mr\u0161i\u0107<\/strong> sudjelovale su na trodnevnom seminaru &#8220;Junior spasilac&#8221; kojega je organiziralo Gradsko dru\u0161tvo Crvenog kri\u017ea Krk u suradnji sa Slu\u017ebom spa\u0161avanja \u017eivota na vodi. Seminar se odr\u017eavao od 11. do 13. listopada na bazenu Wellness centra Hotela &#8220;Corinthia&#8221; u Ba\u0161ki, a vodili su ga educirani instruktori Spasila\u010dke slu\u017ebe Hrvatskog Crvenog kri\u017ea i doktor medicine.<\/p>\n<p>Na\u0161e sedma\u0161ice uspje\u0161no su svladale vje\u0161tine u vodi, vje\u0161tine izvan vode i osnove pru\u017eanja prve pomo\u0107i te su na kraju seminara dobile zaslu\u017eenu diplomu.<\/p>\n<p><strong>Sada znamo u \u010dijim smo rukama potpuno sigurni! \u010cestitamo!<\/strong><\/p>\n<p><img loading=\"lazy\" class=\"wp-image-2663  aligncenter\" src=\"http:\/\/osnovnaskolakrk.hr\/vrh\/wp-content\/uploads\/DSCN0006.jpg\" alt=\"\" width=\"256\" height=\"341\"><\/p>\n","protected":false},"excerpt":{"rendered":"<p>U\u010denice VII. razreda, Sabrina Magdi\u0107 i Marta Mr\u0161i\u0107 sudjelovale su na trodnevnom seminaru &#8220;Junior spasilac&#8221; kojega je organiziralo Gradsko dru\u0161tvo Crvenog kri\u017ea Krk u suradnji sa Slu\u017ebom spa\u0161avanja \u017eivota na vodi. Seminar se odr\u017eavao od 11. do 13. listopada na bazenu Wellness centra Hotela &#8220;Corinthia&#8221; u Ba\u0161ki, a vodili su ga educirani instruktori Spasila\u010dke slu\u017ebe [&hellip;]<\/p>\n","protected":false},"author":1,"featured_media":0,"comment_status":"open","ping_status":"open","sticky":false,"template":"","format":"standard","meta":[],"categories":[1],"tags":[],"_links":{"self":[{"href":"http:\/\/osnovnaskolakrk.hr\/vrh\/index.php?rest_route=\/wp\/v2\/posts\/2662"}],"collection":[{"href":"http:\/\/osnovnaskolakrk.hr\/vrh\/index.php?rest_route=\/wp\/v2\/posts"}],"about":[{"href":"http:\/\/osnovnaskolakrk.hr\/vrh\/index.php?rest_route=\/wp\/v2\/types\/post"}],"author":[{"embeddable":true,"href":"http:\/\/osnovnaskolakrk.hr\/vrh\/index.php?rest_route=\/wp\/v2\/users\/1"}],"replies":[{"embeddable":true,"href":"http:\/\/osnovnaskolakrk.hr\/vrh\/index.php?rest_route=%2Fwp%2Fv2%2Fcomments&post=2662"}],"version-history":[{"count":2,"href":"http:\/\/osnovnaskolakrk.hr\/vrh\/index.php?rest_route=\/wp\/v2\/posts\/2662\/revisions"}],"predecessor-version":[{"id":2665,"href":"http:\/\/osnovnaskolakrk.hr\/vrh\/index.php?rest_route=\/wp\/v2\/posts\/2662\/revisions\/2665"}],"wp:attachment":[{"href":"http:\/\/osnovnaskolakrk.hr\/vrh\/index.php?rest_route=%2Fwp%2Fv2%2Fmedia&parent=2662"}],"wp:term":[{"taxonomy":"category","embeddable":true,"href":"http:\/\/osnovnaskolakrk.hr\/vrh\/index.php?rest_route=%2Fwp%2Fv2%2Fcategories&post=2662"},{"taxonomy":"post_tag","embeddable":true,"href":"http:\/\/osnovnaskolakrk.hr\/vrh\/index.php?rest_route=%2Fwp%2Fv2%2Ftags&post=2662"}],"curies":[{"name":"wp","href":"https:\/\/api.w.org\/{rel}","templated":true}]}}