{"id":3030,"date":"2018-11-30T19:33:39","date_gmt":"2018-11-30T19:33:39","guid":{"rendered":"http:\/\/osnovnaskolakrk.hr\/vrh\/?p=3030"},"modified":"2018-11-30T19:33:39","modified_gmt":"2018-11-30T19:33:39","slug":"dan-otvorenih-vrata-ps-vrh","status":"publish","type":"post","link":"http:\/\/osnovnaskolakrk.hr\/vrh\/?p=3030","title":{"rendered":"Dan otvorenih vrata P\u0160 VRH"},"content":{"rendered":"<p>&nbsp;<\/p>\n<p>Po\u0161tovani roditelji, u ponedjeljak 3.prosinca 2018. g. odr\u017eati \u0107e se dan otvorenih vrata, na kojima \u0107e svi roditelji\u00a0<span style=\"font-size: 1rem;\">imati priliku porazgovarati sa razrednim i predmetnim u\u010diteljima svojeg djeteta u terminu od 17 do 19 sati.<\/span><\/p>\n<p>&nbsp;<\/p>\n","protected":false},"excerpt":{"rendered":"<p>&nbsp; Po\u0161tovani roditelji, u ponedjeljak 3.prosinca 2018. g. odr\u017eati \u0107e se dan otvorenih vrata, na kojima \u0107e svi roditelji\u00a0imati priliku porazgovarati sa razrednim i predmetnim u\u010diteljima svojeg djeteta u terminu od 17 do 19 sati. &nbsp;<\/p>\n","protected":false},"author":1,"featured_media":0,"comment_status":"open","ping_status":"open","sticky":false,"template":"","format":"standard","meta":[],"categories":[1],"tags":[],"_links":{"self":[{"href":"http:\/\/osnovnaskolakrk.hr\/vrh\/index.php?rest_route=\/wp\/v2\/posts\/3030"}],"collection":[{"href":"http:\/\/osnovnaskolakrk.hr\/vrh\/index.php?rest_route=\/wp\/v2\/posts"}],"about":[{"href":"http:\/\/osnovnaskolakrk.hr\/vrh\/index.php?rest_route=\/wp\/v2\/types\/post"}],"author":[{"embeddable":true,"href":"http:\/\/osnovnaskolakrk.hr\/vrh\/index.php?rest_route=\/wp\/v2\/users\/1"}],"replies":[{"embeddable":true,"href":"http:\/\/osnovnaskolakrk.hr\/vrh\/index.php?rest_route=%2Fwp%2Fv2%2Fcomments&post=3030"}],"version-history":[{"count":2,"href":"http:\/\/osnovnaskolakrk.hr\/vrh\/index.php?rest_route=\/wp\/v2\/posts\/3030\/revisions"}],"predecessor-version":[{"id":3032,"href":"http:\/\/osnovnaskolakrk.hr\/vrh\/index.php?rest_route=\/wp\/v2\/posts\/3030\/revisions\/3032"}],"wp:attachment":[{"href":"http:\/\/osnovnaskolakrk.hr\/vrh\/index.php?rest_route=%2Fwp%2Fv2%2Fmedia&parent=3030"}],"wp:term":[{"taxonomy":"category","embeddable":true,"href":"http:\/\/osnovnaskolakrk.hr\/vrh\/index.php?rest_route=%2Fwp%2Fv2%2Fcategories&post=3030"},{"taxonomy":"post_tag","embeddable":true,"href":"http:\/\/osnovnaskolakrk.hr\/vrh\/index.php?rest_route=%2Fwp%2Fv2%2Ftags&post=3030"}],"curies":[{"name":"wp","href":"https:\/\/api.w.org\/{rel}","templated":true}]}}