{"id":3033,"date":"2018-11-30T19:38:02","date_gmt":"2018-11-30T19:38:02","guid":{"rendered":"http:\/\/osnovnaskolakrk.hr\/vrh\/?p=3033"},"modified":"2018-11-30T19:38:02","modified_gmt":"2018-11-30T19:38:02","slug":"poziv-roditeljima","status":"publish","type":"post","link":"http:\/\/osnovnaskolakrk.hr\/vrh\/?p=3033","title":{"rendered":"Poziv roditeljima"},"content":{"rendered":"<p>Dragi roditelji!<\/p>\n<p>Kao \u0161to znate, na\u0161a je \u0161kola po\u010detkom ove \u0161kolske godine, osnovala u\u010deni\u010dku zadrugu pod imenom \u02ddBusilak\u02dd. U\u010deni\u010dkim se zadrugama pobolj\u0161ava kvaliteta u\u010denja i pou\u010davanja. Izvan prostora u\u010dionice stje\u010du se i razvijaju temeljne osobine poduzetnika: inovativnost, marljivost, poduzetnost, spremnost na preuzimanje rizika i timski rad. Ujedno se razvijaju njega i svijest o ekolo\u0161kom na\u010dinu poljoprivredne proizvodnje.<\/p>\n<p>Kako bi Vam izlo\u017eili koji su planovi i ciljevi na\u0161e U\u010deni\u010dke zadruge \u02ddBusilak\u02dd pozivamo Vas na sastanak koji \u0107e se odr\u017eati u <strong>ponedjeljak,<\/strong> \u00a0<strong>3. prosinca 2018.g. u 16, 30 sati.<\/strong><\/p>\n<p>&nbsp;<\/p>\n<p>Radujemo se Va\u0161em dolasku!<\/p>\n<p>&nbsp;<\/p>\n<p>&nbsp;<\/p>\n<p>Sanja Novosel Grguri\u0107,<\/p>\n<p>voditeljica U\u010d. Zadruge \u02ddBusilak\u02dd<\/p>\n<p>&nbsp;<\/p>\n","protected":false},"excerpt":{"rendered":"<p>Dragi roditelji! Kao \u0161to znate, na\u0161a je \u0161kola po\u010detkom ove \u0161kolske godine, osnovala u\u010deni\u010dku zadrugu pod imenom \u02ddBusilak\u02dd. U\u010deni\u010dkim se zadrugama pobolj\u0161ava kvaliteta u\u010denja i pou\u010davanja. Izvan prostora u\u010dionice stje\u010du se i razvijaju temeljne osobine poduzetnika: inovativnost, marljivost, poduzetnost, spremnost na preuzimanje rizika i timski rad. Ujedno se razvijaju njega i svijest o ekolo\u0161kom na\u010dinu [&hellip;]<\/p>\n","protected":false},"author":1,"featured_media":0,"comment_status":"open","ping_status":"open","sticky":false,"template":"","format":"standard","meta":[],"categories":[1],"tags":[],"_links":{"self":[{"href":"http:\/\/osnovnaskolakrk.hr\/vrh\/index.php?rest_route=\/wp\/v2\/posts\/3033"}],"collection":[{"href":"http:\/\/osnovnaskolakrk.hr\/vrh\/index.php?rest_route=\/wp\/v2\/posts"}],"about":[{"href":"http:\/\/osnovnaskolakrk.hr\/vrh\/index.php?rest_route=\/wp\/v2\/types\/post"}],"author":[{"embeddable":true,"href":"http:\/\/osnovnaskolakrk.hr\/vrh\/index.php?rest_route=\/wp\/v2\/users\/1"}],"replies":[{"embeddable":true,"href":"http:\/\/osnovnaskolakrk.hr\/vrh\/index.php?rest_route=%2Fwp%2Fv2%2Fcomments&post=3033"}],"version-history":[{"count":1,"href":"http:\/\/osnovnaskolakrk.hr\/vrh\/index.php?rest_route=\/wp\/v2\/posts\/3033\/revisions"}],"predecessor-version":[{"id":3034,"href":"http:\/\/osnovnaskolakrk.hr\/vrh\/index.php?rest_route=\/wp\/v2\/posts\/3033\/revisions\/3034"}],"wp:attachment":[{"href":"http:\/\/osnovnaskolakrk.hr\/vrh\/index.php?rest_route=%2Fwp%2Fv2%2Fmedia&parent=3033"}],"wp:term":[{"taxonomy":"category","embeddable":true,"href":"http:\/\/osnovnaskolakrk.hr\/vrh\/index.php?rest_route=%2Fwp%2Fv2%2Fcategories&post=3033"},{"taxonomy":"post_tag","embeddable":true,"href":"http:\/\/osnovnaskolakrk.hr\/vrh\/index.php?rest_route=%2Fwp%2Fv2%2Ftags&post=3033"}],"curies":[{"name":"wp","href":"https:\/\/api.w.org\/{rel}","templated":true}]}}