{"id":3104,"date":"2019-02-28T07:54:02","date_gmt":"2019-02-28T07:54:02","guid":{"rendered":"http:\/\/osnovnaskolakrk.hr\/vrh\/?p=3104"},"modified":"2019-02-28T10:40:52","modified_gmt":"2019-02-28T10:40:52","slug":"glagoljaj-ne-nasiljaj","status":"publish","type":"post","link":"http:\/\/osnovnaskolakrk.hr\/vrh\/?p=3104","title":{"rendered":"GLAGOLJAJ, NE NASILJAJ!"},"content":{"rendered":"<p><img loading=\"lazy\" class=\"alignleft wp-image-3105\" src=\"http:\/\/osnovnaskolakrk.hr\/vrh\/wp-content\/uploads\/glagoljica.png\" alt=\"\" width=\"369\" height=\"118\" \/><\/p>\n<p>&nbsp;<\/p>\n<p><span style=\"color: #ff00ff;\"><strong>GLAGOLJAJ,\u00a0\u00a0 NE\u00a0 NASILJAJ!<\/strong><\/span><\/p>\n<p><strong>\u00a0<\/strong><\/p>\n<p>Ponukani obilje\u017eavanjem va\u017enih dana u mjesecu velja\u010di, Dana glagoljice i Dana ru\u017ei\u010dastih majica, u\u010denici i u\u010diteljice razredne nastave P\u0160 Vrh spojili su ono, \u00a0na izgled, nespojivo.<\/p>\n<p>U petak, 22. velja\u010de, na sam Dan hrvatske\u00a0 glagoljice, uputili smo se, a gdje drugdje nego u Ba\u0161ku. Vo\u0111eni stru\u010dnim savjetima i pou\u010dnim, zanimljivim pri\u010dama gospo\u0111e Branke Polonijo iz\u00a0 Udruge Sinjali upznali smo se s Ba\u0161\u0107anskom stazom glagoljice. Glagoljska slova izra\u0111ena u kamenu, neka vi\u0161a od 6 metara i te\u0161ka preko 15 tona, za nas su bila pravi do\u017eivljaj.\u00a0 Posjetiv\u0161i\u00a0 crkvicu Sv. Lucije te u njoj vidjeti repliku Ba\u0161\u0107anske plo\u010de u izvornoj veli\u010dini, u nama je probudilo \u017eelju nau\u010diti to staro hrvatsko pismo.<\/p>\n<p>U srijedu, 27. velja\u010de, \u00a0odjenuli smo, naravno,\u00a0 ru\u017ei\u010daste majice \u00a0i tako ujedinjeni poru\u010dili NE nasilju u \u0161koli. Proveli smo ideju kroz integrirane nastavne sadr\u017eaje, lijepo uklopiv\u0161i glagoljicu u sve to.\u00a0 Na prvom satu razgovarali smo o na\u010dinima komunikacije, te kroz zabavne radionice doku\u010dili kako se trebamo odnositi\u00a0 jedni prema drugima. Otpjevali autorsku pjesmu koja govori o va\u017enosti razgovora protivno nasilnim rje\u0161avanjem sukoba.\u00a0 Uslijedio je kviz znanja \u02ddpro\u0161aran\u02dd pitanjima o terenskoj nastavi, glagoljici, prijateljstvu\u2026 Otkrivali smo izreke na glagoljici, pisali glagoljicom, oslikavali oblutke s prekrasne ba\u0161\u0107anske pla\u017ee. Zadne smo satove proveli u sportskim igrama i\u00a0 natjecanjima, gdje smo se iskazali kao pravi \u02ddfair play\u02dd\u00a0 igra\u010di.<\/p>\n<p>Iza nas su dani\u00a0 provedeni\u00a0 u u\u010denju, dru\u017eenju i igri, bez ijedne razmirice ili sva\u0111e. Vrlo zadovoljni uspje\u0161nim projektom, svima \u017eelimo \u00a0poru\u010diti: Glagoljaj (komuniciraj, govori), ne nasiljaj!<\/p>\n<p>U\u010denici i u\u010ditelji RN Podru\u010dne \u0161kole Vrh<\/p>\n<p>U\u010denici 5. razreda, ujedinjeni u ru\u017ei\u010dastoj boji, ovaj su dan na satu Informatike obilje\u017eili dan parolom \u201e<span style=\"color: #ff00ff;\">THINK<\/span> before you post!\u201c Povezali smo sadr\u017eaje medijske pismenosti, informatike i obogatili svoje znanje o CEPN-u.<\/p>\n<p>Poru\u010dili smo svijetu da promjena po\u010dinje od nas samih i da objavljujemo samo ono \u0161to je istinito, korisno, poticajno, nu\u017eno i ljubazno. <span style=\"color: #ff00ff;\"><strong>THINK PINK<\/strong>!<\/span><\/p>\n<p><img loading=\"lazy\" class=\"alignleft wp-image-3113\" src=\"http:\/\/osnovnaskolakrk.hr\/vrh\/wp-content\/uploads\/IMG_6321.jpg\" alt=\"\" width=\"340\" height=\"255\" srcset=\"http:\/\/osnovnaskolakrk.hr\/vrh\/wp-content\/uploads\/IMG_6321.jpg 640w, http:\/\/osnovnaskolakrk.hr\/vrh\/wp-content\/uploads\/IMG_6321-624x468.jpg 624w\" sizes=\"(max-width: 340px) 100vw, 340px\" \/><\/p>\n<p>&nbsp;<\/p>\n<p>&nbsp;<\/p>\n<p>&nbsp;<\/p>\n<p>&nbsp;<\/p>\n<p>&nbsp;<\/p>\n<p>&nbsp;<\/p>\n<p><strong><em>R: Glagoljaj, ne nasiljaj,<\/em><\/strong><\/p>\n<p><strong><em>Jer nasilje nije rje\u0161enje!<\/em><\/strong><\/p>\n<p><strong><em>Glagoljaj, ne nasiljaj<\/em><\/strong><\/p>\n<p><strong><em>I stvaraj bolje vrijeme!<\/em><\/strong><\/p>\n<p><strong><em>Digni svoj glas ti, ti glagoljaj<\/em><\/strong><\/p>\n<p><strong><em>I budi kao pravi hrvatski kralj!<\/em><\/strong><\/p>\n<p><strong><em>Hrvatski kralj!<\/em><\/strong><\/p>\n<p>&nbsp;<\/p>\n<p>Na\u0161i stari nisu znali<\/p>\n<p>ni za kakav Internet.<\/p>\n<p>Nisu Viberom \u0107akulali.<\/p>\n<p>Nisu se slikali za\u00a0 Instagram\u00a0 i\u00a0 Fejs.<\/p>\n<p>Ali su napravili puno toga<\/p>\n<p>Za na\u0161 jezik hrvatski &#8211;<\/p>\n<p>Izumili su novo pismo<\/p>\n<p>Nau\u010dili\u00a0 glagoljati!<\/p>\n<p>&nbsp;<\/p>\n<p>Tada nije bilo lako<\/p>\n<p>Ljude pou\u010diti.<\/p>\n<p>Pismo pokrenuti,<\/p>\n<p>Puno se mu\u010diti\u2026<\/p>\n<p>Al\u00b4 kad volja je jaka<\/p>\n<p>Tada prepreka nema!<\/p>\n<p>Nek\u00b4 povijest u\u010di nas,<\/p>\n<p>Za dobro koristimo glas, \u00a0svoj glas!<\/p>\n<p><iframe loading=\"lazy\" width=\"625\" height=\"352\" src=\"https:\/\/www.youtube.com\/embed\/kXcm5OSBrbk?feature=oembed\" frameborder=\"0\" allow=\"accelerometer; autoplay; encrypted-media; gyroscope; picture-in-picture\" allowfullscreen><\/iframe><\/p>\n<div class=\"ead-preview\"><div class=\"ead-document\" style=\"position: relative;\"><iframe src=\"\/\/view.officeapps.live.com\/op\/embed.aspx?src=http%3A%2F%2Fosnovnaskolakrk.hr%2Fvrh%2Fwp-content%2Fuploads%2FDan-ru%C5%BEi%C4%8Dastih-majica-fotke.pptx\" title=\"Embedded Document\" class=\"ead-iframe\" style=\"width: 100%;height: 500px;border: none;\"><\/iframe><\/div><\/div>\n<p>&nbsp;<\/p>\n","protected":false},"excerpt":{"rendered":"<p>&nbsp; GLAGOLJAJ,\u00a0\u00a0 NE\u00a0 NASILJAJ! \u00a0 Ponukani obilje\u017eavanjem va\u017enih dana u mjesecu velja\u010di, Dana glagoljice i Dana ru\u017ei\u010dastih majica, u\u010denici i u\u010diteljice razredne nastave P\u0160 Vrh spojili su ono, \u00a0na izgled, nespojivo. U petak, 22. velja\u010de, na sam Dan hrvatske\u00a0 glagoljice, uputili smo se, a gdje drugdje nego u Ba\u0161ku. Vo\u0111eni stru\u010dnim savjetima i pou\u010dnim, zanimljivim [&hellip;]<\/p>\n","protected":false},"author":1,"featured_media":0,"comment_status":"open","ping_status":"open","sticky":false,"template":"","format":"standard","meta":[],"categories":[1],"tags":[],"_links":{"self":[{"href":"http:\/\/osnovnaskolakrk.hr\/vrh\/index.php?rest_route=\/wp\/v2\/posts\/3104"}],"collection":[{"href":"http:\/\/osnovnaskolakrk.hr\/vrh\/index.php?rest_route=\/wp\/v2\/posts"}],"about":[{"href":"http:\/\/osnovnaskolakrk.hr\/vrh\/index.php?rest_route=\/wp\/v2\/types\/post"}],"author":[{"embeddable":true,"href":"http:\/\/osnovnaskolakrk.hr\/vrh\/index.php?rest_route=\/wp\/v2\/users\/1"}],"replies":[{"embeddable":true,"href":"http:\/\/osnovnaskolakrk.hr\/vrh\/index.php?rest_route=%2Fwp%2Fv2%2Fcomments&post=3104"}],"version-history":[{"count":9,"href":"http:\/\/osnovnaskolakrk.hr\/vrh\/index.php?rest_route=\/wp\/v2\/posts\/3104\/revisions"}],"predecessor-version":[{"id":3107,"href":"http:\/\/osnovnaskolakrk.hr\/vrh\/index.php?rest_route=\/wp\/v2\/posts\/3104\/revisions\/3107"}],"wp:attachment":[{"href":"http:\/\/osnovnaskolakrk.hr\/vrh\/index.php?rest_route=%2Fwp%2Fv2%2Fmedia&parent=3104"}],"wp:term":[{"taxonomy":"category","embeddable":true,"href":"http:\/\/osnovnaskolakrk.hr\/vrh\/index.php?rest_route=%2Fwp%2Fv2%2Fcategories&post=3104"},{"taxonomy":"post_tag","embeddable":true,"href":"http:\/\/osnovnaskolakrk.hr\/vrh\/index.php?rest_route=%2Fwp%2Fv2%2Ftags&post=3104"}],"curies":[{"name":"wp","href":"https:\/\/api.w.org\/{rel}","templated":true}]}}