{"id":3122,"date":"2019-03-09T15:03:59","date_gmt":"2019-03-09T15:03:59","guid":{"rendered":"http:\/\/osnovnaskolakrk.hr\/vrh\/?p=3122"},"modified":"2019-03-13T08:31:18","modified_gmt":"2019-03-13T08:31:18","slug":"obiljezen-dan-materinjeg-jezika","status":"publish","type":"post","link":"http:\/\/osnovnaskolakrk.hr\/vrh\/?p=3122","title":{"rendered":"Dani hrvatskoga jezika u P\u0160 Vrh"},"content":{"rendered":"<ol start=\"28\">\n<li>velja\u010de u\u010denici P\u0160 Vrh obilje\u017eili su Dane hrvatskoga jezika koji traju os 21. velja\u010de, kada je Me\u0111unarodni dan materinskoga jezika, 22. velja\u010de Dan glagoljice do 17. o\u017eujka kada se prisje\u0107a Deklaracije o nazivu i polo\u017eaju hrvatskoga knji\u017eevnog jezika.<\/li>\n<\/ol>\n<p>U\u010diteljica Hrvatskoga jezika Mirela Sparo\u017ei\u0107 uvodno se prisjetila najva\u017enijih doga\u0111aja te pisama i jezika kojima su se slu\u017eili Hrvati u svojoj povijesti te dala presjek najzna\u010dajnijih rje\u010dnika, gramatika i pravopisa i njihovih autora u razvoju hrvatskoga jezika.<\/p>\n<p>U\u010denik Stijepan Fija\u010dko recitirao je jednu od najljep\u0161ih domoljubnih pjesama\u00a0 Hrvatski jezik Vladimira Nazora, a u\u010denici Petra Bogovi\u0107, Dino Baj\u010di\u0107 i Dominik Nenadi\u0107 izrecitirali su vlastite pjesme napisane na \u010dakavskom narje\u010dju.<\/p>\n<p>&nbsp;<\/p>\n<p><img loading=\"lazy\" class=\"alignleft wp-image-3123\" src=\"http:\/\/osnovnaskolakrk.hr\/vrh\/wp-content\/uploads\/5-3.jpg\" alt=\"\" width=\"596\" height=\"442\" srcset=\"http:\/\/osnovnaskolakrk.hr\/vrh\/wp-content\/uploads\/5-3.jpg 877w, http:\/\/osnovnaskolakrk.hr\/vrh\/wp-content\/uploads\/5-3-768x569.jpg 768w, http:\/\/osnovnaskolakrk.hr\/vrh\/wp-content\/uploads\/5-3-624x462.jpg 624w\" sizes=\"(max-width: 596px) 100vw, 596px\" \/> <img loading=\"lazy\" class=\"alignleft size-full wp-image-3124\" src=\"http:\/\/osnovnaskolakrk.hr\/vrh\/wp-content\/uploads\/1-2.jpg\" alt=\"\" width=\"596\" height=\"430\" \/> <img loading=\"lazy\" class=\"alignleft wp-image-3125\" src=\"http:\/\/osnovnaskolakrk.hr\/vrh\/wp-content\/uploads\/2-3.jpg\" alt=\"\" width=\"592\" height=\"677\" srcset=\"http:\/\/osnovnaskolakrk.hr\/vrh\/wp-content\/uploads\/2-3.jpg 734w, http:\/\/osnovnaskolakrk.hr\/vrh\/wp-content\/uploads\/2-3-624x714.jpg 624w\" sizes=\"(max-width: 592px) 100vw, 592px\" \/> <img loading=\"lazy\" class=\"alignleft wp-image-3126\" src=\"http:\/\/osnovnaskolakrk.hr\/vrh\/wp-content\/uploads\/3-3.jpg\" alt=\"\" width=\"596\" height=\"406\" srcset=\"http:\/\/osnovnaskolakrk.hr\/vrh\/wp-content\/uploads\/3-3.jpg 1085w, http:\/\/osnovnaskolakrk.hr\/vrh\/wp-content\/uploads\/3-3-768x523.jpg 768w, http:\/\/osnovnaskolakrk.hr\/vrh\/wp-content\/uploads\/3-3-624x425.jpg 624w\" sizes=\"(max-width: 596px) 100vw, 596px\" \/> <img loading=\"lazy\" class=\"alignleft wp-image-3127\" src=\"http:\/\/osnovnaskolakrk.hr\/vrh\/wp-content\/uploads\/4-3.jpg\" alt=\"\" width=\"598\" height=\"478\" srcset=\"http:\/\/osnovnaskolakrk.hr\/vrh\/wp-content\/uploads\/4-3.jpg 909w, http:\/\/osnovnaskolakrk.hr\/vrh\/wp-content\/uploads\/4-3-768x614.jpg 768w, http:\/\/osnovnaskolakrk.hr\/vrh\/wp-content\/uploads\/4-3-624x499.jpg 624w\" sizes=\"(max-width: 598px) 100vw, 598px\" \/><\/p>\n","protected":false},"excerpt":{"rendered":"<p>velja\u010de u\u010denici P\u0160 Vrh obilje\u017eili su Dane hrvatskoga jezika koji traju os 21. velja\u010de, kada je Me\u0111unarodni dan materinskoga jezika, 22. velja\u010de Dan glagoljice do 17. o\u017eujka kada se prisje\u0107a Deklaracije o nazivu i polo\u017eaju hrvatskoga knji\u017eevnog jezika. U\u010diteljica Hrvatskoga jezika Mirela Sparo\u017ei\u0107 uvodno se prisjetila najva\u017enijih doga\u0111aja te pisama i jezika kojima su se [&hellip;]<\/p>\n","protected":false},"author":1,"featured_media":0,"comment_status":"open","ping_status":"open","sticky":false,"template":"","format":"standard","meta":[],"categories":[1],"tags":[],"_links":{"self":[{"href":"http:\/\/osnovnaskolakrk.hr\/vrh\/index.php?rest_route=\/wp\/v2\/posts\/3122"}],"collection":[{"href":"http:\/\/osnovnaskolakrk.hr\/vrh\/index.php?rest_route=\/wp\/v2\/posts"}],"about":[{"href":"http:\/\/osnovnaskolakrk.hr\/vrh\/index.php?rest_route=\/wp\/v2\/types\/post"}],"author":[{"embeddable":true,"href":"http:\/\/osnovnaskolakrk.hr\/vrh\/index.php?rest_route=\/wp\/v2\/users\/1"}],"replies":[{"embeddable":true,"href":"http:\/\/osnovnaskolakrk.hr\/vrh\/index.php?rest_route=%2Fwp%2Fv2%2Fcomments&post=3122"}],"version-history":[{"count":2,"href":"http:\/\/osnovnaskolakrk.hr\/vrh\/index.php?rest_route=\/wp\/v2\/posts\/3122\/revisions"}],"predecessor-version":[{"id":3129,"href":"http:\/\/osnovnaskolakrk.hr\/vrh\/index.php?rest_route=\/wp\/v2\/posts\/3122\/revisions\/3129"}],"wp:attachment":[{"href":"http:\/\/osnovnaskolakrk.hr\/vrh\/index.php?rest_route=%2Fwp%2Fv2%2Fmedia&parent=3122"}],"wp:term":[{"taxonomy":"category","embeddable":true,"href":"http:\/\/osnovnaskolakrk.hr\/vrh\/index.php?rest_route=%2Fwp%2Fv2%2Fcategories&post=3122"},{"taxonomy":"post_tag","embeddable":true,"href":"http:\/\/osnovnaskolakrk.hr\/vrh\/index.php?rest_route=%2Fwp%2Fv2%2Ftags&post=3122"}],"curies":[{"name":"wp","href":"https:\/\/api.w.org\/{rel}","templated":true}]}}