{"id":3130,"date":"2019-03-15T08:59:42","date_gmt":"2019-03-15T08:59:42","guid":{"rendered":"http:\/\/osnovnaskolakrk.hr\/vrh\/?p=3130"},"modified":"2019-03-15T08:59:42","modified_gmt":"2019-03-15T08:59:42","slug":"jos-jedan-uspjeh-nase-marine","status":"publish","type":"post","link":"http:\/\/osnovnaskolakrk.hr\/vrh\/?p=3130","title":{"rendered":"Jo\u0161 jedan uspjeh na\u0161e Marine"},"content":{"rendered":"<p>U O\u0160 Ve\u017eica 13. o\u017eujka odr\u017eano je \u017dupanijsko natjecanje u poznavanju hrvatskoga jezika. Na\u0161u \u0161kolu, i to ne samo P\u0160 Vrh, ve\u0107 cijelu O\u0160 \u201eFran Krsto Frankopan\u201c Krk predstavljala je u\u010denica 8.r. Marina Depikolozvane, koja se jedina uspjela plasirati.<\/p>\n<p>Na \u0160kolskom natjecanju, odr\u017eanog u P\u0160 Vrbnik 12. velja\u010de ove godine, osvojila je prvo mjesto, a na \u017dupanijskom ju\u010der u Rijeci 7. mjesto od ukupno 60 natjecatelja 8.r. u na\u0161oj \u017eupaniji.<\/p>\n<p>Na uspjeh na\u0161e u\u010denice posebno je ponosna njena mentorica Mirela Sparo\u017ei\u0107, kao i svi u\u010denici i u\u010ditelji na\u0161e \u0161kole.<\/p>\n","protected":false},"excerpt":{"rendered":"<p>U O\u0160 Ve\u017eica 13. o\u017eujka odr\u017eano je \u017dupanijsko natjecanje u poznavanju hrvatskoga jezika. Na\u0161u \u0161kolu, i to ne samo P\u0160 Vrh, ve\u0107 cijelu O\u0160 \u201eFran Krsto Frankopan\u201c Krk predstavljala je u\u010denica 8.r. Marina Depikolozvane, koja se jedina uspjela plasirati. Na \u0160kolskom natjecanju, odr\u017eanog u P\u0160 Vrbnik 12. velja\u010de ove godine, osvojila je prvo mjesto, a [&hellip;]<\/p>\n","protected":false},"author":1,"featured_media":0,"comment_status":"open","ping_status":"open","sticky":false,"template":"","format":"standard","meta":[],"categories":[1],"tags":[],"_links":{"self":[{"href":"http:\/\/osnovnaskolakrk.hr\/vrh\/index.php?rest_route=\/wp\/v2\/posts\/3130"}],"collection":[{"href":"http:\/\/osnovnaskolakrk.hr\/vrh\/index.php?rest_route=\/wp\/v2\/posts"}],"about":[{"href":"http:\/\/osnovnaskolakrk.hr\/vrh\/index.php?rest_route=\/wp\/v2\/types\/post"}],"author":[{"embeddable":true,"href":"http:\/\/osnovnaskolakrk.hr\/vrh\/index.php?rest_route=\/wp\/v2\/users\/1"}],"replies":[{"embeddable":true,"href":"http:\/\/osnovnaskolakrk.hr\/vrh\/index.php?rest_route=%2Fwp%2Fv2%2Fcomments&post=3130"}],"version-history":[{"count":1,"href":"http:\/\/osnovnaskolakrk.hr\/vrh\/index.php?rest_route=\/wp\/v2\/posts\/3130\/revisions"}],"predecessor-version":[{"id":3131,"href":"http:\/\/osnovnaskolakrk.hr\/vrh\/index.php?rest_route=\/wp\/v2\/posts\/3130\/revisions\/3131"}],"wp:attachment":[{"href":"http:\/\/osnovnaskolakrk.hr\/vrh\/index.php?rest_route=%2Fwp%2Fv2%2Fmedia&parent=3130"}],"wp:term":[{"taxonomy":"category","embeddable":true,"href":"http:\/\/osnovnaskolakrk.hr\/vrh\/index.php?rest_route=%2Fwp%2Fv2%2Fcategories&post=3130"},{"taxonomy":"post_tag","embeddable":true,"href":"http:\/\/osnovnaskolakrk.hr\/vrh\/index.php?rest_route=%2Fwp%2Fv2%2Ftags&post=3130"}],"curies":[{"name":"wp","href":"https:\/\/api.w.org\/{rel}","templated":true}]}}