{"id":3313,"date":"2019-05-31T08:57:16","date_gmt":"2019-05-31T08:57:16","guid":{"rendered":"http:\/\/osnovnaskolakrk.hr\/vrh\/?p=3313"},"modified":"2019-05-31T08:57:16","modified_gmt":"2019-05-31T08:57:16","slug":"jednodnevni-izlet-np-brijuni-pula","status":"publish","type":"post","link":"http:\/\/osnovnaskolakrk.hr\/vrh\/?p=3313","title":{"rendered":"Jednodnevni izlet NP Brijuni &#8211; Pula"},"content":{"rendered":"\n<p>Pro\u0161log\npetka, 24.svibnja 2019. u\u010denici prvog i \u010detvrtog razreda, te u\u010denici produ\u017eenog\nboravka su u pratnji svojih u\u010diteljica Alenke, Sanje i Nine su bili na izletu\nna na\u0161em najve\u0107em poluotoku, Istri. <\/p>\n\n\n\n<p>&nbsp;&nbsp;&nbsp;&nbsp;&nbsp;&nbsp;&nbsp;&nbsp;&nbsp;&nbsp;&nbsp;&nbsp;&nbsp;&nbsp;&nbsp; Posjetili smo najve\u0107i istarski\ngrad, Pulu, pro\u0161etali Arenom i njezinim podzemnim tunelima, \u010duli smo razne\npovijesne zanimljivosti, obi\u0161li centar grada i zabavili se u kupovini raznih\nsuvenira. Potom smo \u017eurno krenuli prema autobusu koji nas je odvezao do Fa\u017eane,\ngdje smo se ukrcali na brod za Brijune. Bili smo jako uzbu\u0111eni zbog vo\u017enje\nbrodom, te smo u\u017eivali gledaju\u0107i i dozivaju\u0107i galebove, koji su nas vjerno\npratili sve do Brijuna. <\/p>\n\n\n\n<p>&nbsp;&nbsp;&nbsp;&nbsp;&nbsp;&nbsp;&nbsp;&nbsp;&nbsp;&nbsp;&nbsp;&nbsp;&nbsp;&nbsp;&nbsp; Na Brijunima nas je do\u010dekao na\u0161\nvodi\u010d, kao i mali vlaki\u0107 u koji smo se odmah ukrcali i krenuli u na\u0161u, sat\nvremena dugu turu po otoku. Tijekom vo\u017enje smo nau\u010dili neke povijesne\nzanimljivosti, upoznali razne biljne vrste, u\u017eivali u toplini i zelenilu koje\nnas je okru\u017eivalo. <\/p>\n\n\n\n<p>&nbsp;&nbsp;&nbsp;&nbsp;&nbsp;&nbsp;&nbsp;&nbsp;&nbsp;&nbsp;&nbsp;&nbsp;&nbsp;&nbsp;&nbsp; Najzabavniji dio, koji smo\nnestrpljivo \u010dekali je bio safari, gdje smo vidjeli puno \u017eivotinja koje nemamo\npriliku vidjeti svaki dan. Bila je tu slonica Lenka, zebre, srne i jeleni,\nmagarci, ovce, koze, ljame, ze\u010devi, purani, koko\u0161i, kornja\u010de, ali i puno raznih\nptica.&nbsp; Najve\u0107i dojam je zasigurno\nostavio papagaj Koki, koji ve\u0107 dugo niz godina \u017eivi na Brijunima, a isti\u010de se\npo svom pri\u010danju. Nama je rado rekao svoje ime, a neke od nas je pitao i kako\nse zovemo. <\/p>\n\n\n\n<p>Obi\u0161li smo\ni muzej u kojem smo vidjeli preparirane \u017eivotinje, pa su se neki od nas i\nrastu\u017eili. <\/p>\n\n\n\n<p>Za kraj smo\nkupili jo\u0161 pone\u0161to suvenira i zasladili se sladoledom. Prije odlaska na brod,\nodmorili smo se na prekrasnoj, zelenoj livadi, pored masline stare \u010dak 1600\ngodina. <\/p>\n\n\n\n<p>Iako smo se\nnahodali, a neke od nas je i opeklo sunce, bilo nam je jako lijepo, u\u017eivali smo\nupoznaju\u0107i ljepote na\u0161e Istre i dru\u017ee\u0107i se sa \u017eivotinjama. <\/p>\n\n\n\n<p>&nbsp;&nbsp;&nbsp;&nbsp;&nbsp;&nbsp;&nbsp;&nbsp;&nbsp;&nbsp;&nbsp;&nbsp;&nbsp;&nbsp;&nbsp; Ovim putem se \u017eelimo jo\u0161 jednom\nzahvaliti Gradskoj knji\u017enici Krk, koja nam je ve\u0107im dijelom i financirala ovaj\nizlet, te Gradu Krku, koji je tako\u0111er pomogao svojom prilogom. <\/p>\n\n\n\n<p>U\u010denici i\nu\u010diteljice iz P\u0160 Vrh su vam jako zahvalni! <\/p>\n\n\n\n<p>Nina Klobu\u010dar<\/p>\n\n\n\n<ul class=\"wp-container-2 wp-block-gallery-1 wp-block-gallery columns-3 is-cropped\"><li class=\"blocks-gallery-item\"><figure><img loading=\"lazy\" width=\"5472\" height=\"3648\" src=\"http:\/\/osnovnaskolakrk.hr\/vrh\/wp-content\/uploads\/7-2.jpg\" alt=\"\" data-id=\"3315\" data-link=\"http:\/\/osnovnaskolakrk.hr\/vrh\/?attachment_id=3315\" class=\"wp-image-3315\" srcset=\"http:\/\/osnovnaskolakrk.hr\/vrh\/wp-content\/uploads\/7-2.jpg 5472w, http:\/\/osnovnaskolakrk.hr\/vrh\/wp-content\/uploads\/7-2-768x512.jpg 768w, http:\/\/osnovnaskolakrk.hr\/vrh\/wp-content\/uploads\/7-2-624x416.jpg 624w\" sizes=\"(max-width: 5472px) 100vw, 5472px\" \/><\/figure><\/li><li class=\"blocks-gallery-item\"><figure><img loading=\"lazy\" width=\"5472\" height=\"3648\" src=\"http:\/\/osnovnaskolakrk.hr\/vrh\/wp-content\/uploads\/8-3.jpg\" alt=\"\" data-id=\"3317\" data-link=\"http:\/\/osnovnaskolakrk.hr\/vrh\/?attachment_id=3317\" class=\"wp-image-3317\" srcset=\"http:\/\/osnovnaskolakrk.hr\/vrh\/wp-content\/uploads\/8-3.jpg 5472w, http:\/\/osnovnaskolakrk.hr\/vrh\/wp-content\/uploads\/8-3-768x512.jpg 768w, http:\/\/osnovnaskolakrk.hr\/vrh\/wp-content\/uploads\/8-3-624x416.jpg 624w\" sizes=\"(max-width: 5472px) 100vw, 5472px\" \/><\/figure><\/li><li class=\"blocks-gallery-item\"><figure><img loading=\"lazy\" width=\"5472\" height=\"3648\" src=\"http:\/\/osnovnaskolakrk.hr\/vrh\/wp-content\/uploads\/10-1.jpg\" alt=\"\" data-id=\"3319\" data-link=\"http:\/\/osnovnaskolakrk.hr\/vrh\/?attachment_id=3319\" class=\"wp-image-3319\" srcset=\"http:\/\/osnovnaskolakrk.hr\/vrh\/wp-content\/uploads\/10-1.jpg 5472w, http:\/\/osnovnaskolakrk.hr\/vrh\/wp-content\/uploads\/10-1-768x512.jpg 768w, http:\/\/osnovnaskolakrk.hr\/vrh\/wp-content\/uploads\/10-1-624x416.jpg 624w\" sizes=\"(max-width: 5472px) 100vw, 5472px\" \/><\/figure><\/li><li class=\"blocks-gallery-item\"><figure><img loading=\"lazy\" width=\"5472\" height=\"3648\" src=\"http:\/\/osnovnaskolakrk.hr\/vrh\/wp-content\/uploads\/11-2.jpg\" alt=\"\" data-id=\"3320\" data-link=\"http:\/\/osnovnaskolakrk.hr\/vrh\/?attachment_id=3320\" class=\"wp-image-3320\" srcset=\"http:\/\/osnovnaskolakrk.hr\/vrh\/wp-content\/uploads\/11-2.jpg 5472w, http:\/\/osnovnaskolakrk.hr\/vrh\/wp-content\/uploads\/11-2-768x512.jpg 768w, http:\/\/osnovnaskolakrk.hr\/vrh\/wp-content\/uploads\/11-2-624x416.jpg 624w\" sizes=\"(max-width: 5472px) 100vw, 5472px\" \/><\/figure><\/li><li class=\"blocks-gallery-item\"><figure><img loading=\"lazy\" width=\"5472\" height=\"3648\" src=\"http:\/\/osnovnaskolakrk.hr\/vrh\/wp-content\/uploads\/13-2.jpg\" alt=\"\" data-id=\"3321\" data-link=\"http:\/\/osnovnaskolakrk.hr\/vrh\/?attachment_id=3321\" class=\"wp-image-3321\" srcset=\"http:\/\/osnovnaskolakrk.hr\/vrh\/wp-content\/uploads\/13-2.jpg 5472w, http:\/\/osnovnaskolakrk.hr\/vrh\/wp-content\/uploads\/13-2-768x512.jpg 768w, http:\/\/osnovnaskolakrk.hr\/vrh\/wp-content\/uploads\/13-2-624x416.jpg 624w\" sizes=\"(max-width: 5472px) 100vw, 5472px\" \/><\/figure><\/li><li class=\"blocks-gallery-item\"><figure><img loading=\"lazy\" width=\"5472\" height=\"3648\" src=\"http:\/\/osnovnaskolakrk.hr\/vrh\/wp-content\/uploads\/3-5.jpg\" alt=\"\" data-id=\"3322\" data-link=\"http:\/\/osnovnaskolakrk.hr\/vrh\/?attachment_id=3322\" class=\"wp-image-3322\" srcset=\"http:\/\/osnovnaskolakrk.hr\/vrh\/wp-content\/uploads\/3-5.jpg 5472w, http:\/\/osnovnaskolakrk.hr\/vrh\/wp-content\/uploads\/3-5-768x512.jpg 768w, http:\/\/osnovnaskolakrk.hr\/vrh\/wp-content\/uploads\/3-5-624x416.jpg 624w\" sizes=\"(max-width: 5472px) 100vw, 5472px\" \/><\/figure><\/li><li class=\"blocks-gallery-item\"><figure><img loading=\"lazy\" width=\"5472\" height=\"3648\" src=\"http:\/\/osnovnaskolakrk.hr\/vrh\/wp-content\/uploads\/4-5.jpg\" alt=\"\" data-id=\"3323\" data-link=\"http:\/\/osnovnaskolakrk.hr\/vrh\/?attachment_id=3323\" class=\"wp-image-3323\" srcset=\"http:\/\/osnovnaskolakrk.hr\/vrh\/wp-content\/uploads\/4-5.jpg 5472w, http:\/\/osnovnaskolakrk.hr\/vrh\/wp-content\/uploads\/4-5-768x512.jpg 768w, http:\/\/osnovnaskolakrk.hr\/vrh\/wp-content\/uploads\/4-5-624x416.jpg 624w\" sizes=\"(max-width: 5472px) 100vw, 5472px\" \/><\/figure><\/li><li class=\"blocks-gallery-item\"><figure><img loading=\"lazy\" width=\"5472\" height=\"3648\" src=\"http:\/\/osnovnaskolakrk.hr\/vrh\/wp-content\/uploads\/5-5.jpg\" alt=\"\" data-id=\"3324\" data-link=\"http:\/\/osnovnaskolakrk.hr\/vrh\/?attachment_id=3324\" class=\"wp-image-3324\" srcset=\"http:\/\/osnovnaskolakrk.hr\/vrh\/wp-content\/uploads\/5-5.jpg 5472w, http:\/\/osnovnaskolakrk.hr\/vrh\/wp-content\/uploads\/5-5-768x512.jpg 768w, http:\/\/osnovnaskolakrk.hr\/vrh\/wp-content\/uploads\/5-5-624x416.jpg 624w\" sizes=\"(max-width: 5472px) 100vw, 5472px\" \/><\/figure><\/li><\/ul>\n","protected":false},"excerpt":{"rendered":"<p>Pro\u0161log petka, 24.svibnja 2019. u\u010denici prvog i \u010detvrtog razreda, te u\u010denici produ\u017eenog boravka su u pratnji svojih u\u010diteljica Alenke, Sanje i Nine su bili na izletu na na\u0161em najve\u0107em poluotoku, Istri. &nbsp;&nbsp;&nbsp;&nbsp;&nbsp;&nbsp;&nbsp;&nbsp;&nbsp;&nbsp;&nbsp;&nbsp;&nbsp;&nbsp;&nbsp; Posjetili smo najve\u0107i istarski grad, Pulu, pro\u0161etali Arenom i njezinim podzemnim tunelima, \u010duli smo razne povijesne zanimljivosti, obi\u0161li centar grada i zabavili se [&hellip;]<\/p>\n","protected":false},"author":1,"featured_media":0,"comment_status":"open","ping_status":"open","sticky":false,"template":"","format":"standard","meta":[],"categories":[1],"tags":[],"_links":{"self":[{"href":"http:\/\/osnovnaskolakrk.hr\/vrh\/index.php?rest_route=\/wp\/v2\/posts\/3313"}],"collection":[{"href":"http:\/\/osnovnaskolakrk.hr\/vrh\/index.php?rest_route=\/wp\/v2\/posts"}],"about":[{"href":"http:\/\/osnovnaskolakrk.hr\/vrh\/index.php?rest_route=\/wp\/v2\/types\/post"}],"author":[{"embeddable":true,"href":"http:\/\/osnovnaskolakrk.hr\/vrh\/index.php?rest_route=\/wp\/v2\/users\/1"}],"replies":[{"embeddable":true,"href":"http:\/\/osnovnaskolakrk.hr\/vrh\/index.php?rest_route=%2Fwp%2Fv2%2Fcomments&post=3313"}],"version-history":[{"count":1,"href":"http:\/\/osnovnaskolakrk.hr\/vrh\/index.php?rest_route=\/wp\/v2\/posts\/3313\/revisions"}],"predecessor-version":[{"id":3325,"href":"http:\/\/osnovnaskolakrk.hr\/vrh\/index.php?rest_route=\/wp\/v2\/posts\/3313\/revisions\/3325"}],"wp:attachment":[{"href":"http:\/\/osnovnaskolakrk.hr\/vrh\/index.php?rest_route=%2Fwp%2Fv2%2Fmedia&parent=3313"}],"wp:term":[{"taxonomy":"category","embeddable":true,"href":"http:\/\/osnovnaskolakrk.hr\/vrh\/index.php?rest_route=%2Fwp%2Fv2%2Fcategories&post=3313"},{"taxonomy":"post_tag","embeddable":true,"href":"http:\/\/osnovnaskolakrk.hr\/vrh\/index.php?rest_route=%2Fwp%2Fv2%2Ftags&post=3313"}],"curies":[{"name":"wp","href":"https:\/\/api.w.org\/{rel}","templated":true}]}}