{"id":3366,"date":"2019-06-28T07:41:24","date_gmt":"2019-06-28T07:41:24","guid":{"rendered":"http:\/\/osnovnaskolakrk.hr\/vrh\/?p=3366"},"modified":"2019-06-28T07:41:24","modified_gmt":"2019-06-28T07:41:24","slug":"obavijesti","status":"publish","type":"post","link":"http:\/\/osnovnaskolakrk.hr\/vrh\/?p=3366","title":{"rendered":"Obavijesti"},"content":{"rendered":"\n<div class=\"wp-block-image\"><figure class=\"alignright\"><img src=\"http:\/\/osnovnaskolakrk.hr\/vrh\/wp-content\/uploads\/slogo-glagoljice-150x150.png\" alt=\"\" class=\"wp-image-3367\" width=\"NaN\"\/><\/figure><\/div>\n\n\n\n<p class=\"has-text-color has-medium-font-size has-luminous-vivid-orange-color\">Ljetna \u0161kola glagoljice zapo\u010dinje u <strong>ponedjeljak, 1. srpnja<\/strong> <strong>2019. u 9:00 sati.<\/strong> <\/p>\n\n\n\n<p><\/p>\n\n\n\n<p><\/p>\n\n\n\n<p class=\"has-text-color has-medium-font-size has-vivid-cyan-blue-color\">Zavr\u0161na priredba osma\u0161a odr\u017eati \u0107e se <strong>3. srpnja 2019. u 18:00 sati.<\/strong><\/p>\n\n\n\n<figure class=\"wp-block-image\"><img loading=\"lazy\" width=\"150\" height=\"150\" src=\"http:\/\/osnovnaskolakrk.hr\/vrh\/wp-content\/uploads\/9102_fo_ssalc-150x150.png\" alt=\"\" class=\"wp-image-3368\"\/><\/figure>\n\n\n\n<p class=\"has-text-color has-medium-font-size has-vivid-cyan-blue-color\"><strong>4. srpnja 2019. u 8:00 <\/strong>&#8211; sveta misa u \u017eupnoj crkvi S. Mihovila. <\/p>\n\n\n\n<p class=\"has-text-color has-medium-font-size has-vivid-cyan-blue-color\">Nakon mise podjela svjedod\u017ebi. <strong>Polazak autobusa u 10:00 <\/strong>sati. <\/p>\n\n\n\n<figure class=\"wp-block-image\"><img loading=\"lazy\" width=\"150\" height=\"150\" src=\"http:\/\/osnovnaskolakrk.hr\/vrh\/wp-content\/uploads\/diploma2-150x150.jpg\" alt=\"\" class=\"wp-image-3378\"\/><\/figure>\n\n\n\n<p class=\"has-text-color has-medium-font-size has-vivid-cyan-blue-color\">Dovoz u\u010denika pred \u0161kolu<strong> po uobi\u010dajenom rasporedu. <\/strong><\/p>\n\n\n\n<figure class=\"wp-block-image\"><img alt=\"\"\/><\/figure>\n","protected":false},"excerpt":{"rendered":"<p>Ljetna \u0161kola glagoljice zapo\u010dinje u ponedjeljak, 1. srpnja 2019. u 9:00 sati. Zavr\u0161na priredba osma\u0161a odr\u017eati \u0107e se 3. srpnja 2019. u 18:00 sati. 4. srpnja 2019. u 8:00 &#8211; sveta misa u \u017eupnoj crkvi S. Mihovila. Nakon mise podjela svjedod\u017ebi. Polazak autobusa u 10:00 sati. Dovoz u\u010denika pred \u0161kolu po uobi\u010dajenom rasporedu.<\/p>\n","protected":false},"author":1,"featured_media":0,"comment_status":"open","ping_status":"open","sticky":false,"template":"","format":"standard","meta":[],"categories":[1],"tags":[],"_links":{"self":[{"href":"http:\/\/osnovnaskolakrk.hr\/vrh\/index.php?rest_route=\/wp\/v2\/posts\/3366"}],"collection":[{"href":"http:\/\/osnovnaskolakrk.hr\/vrh\/index.php?rest_route=\/wp\/v2\/posts"}],"about":[{"href":"http:\/\/osnovnaskolakrk.hr\/vrh\/index.php?rest_route=\/wp\/v2\/types\/post"}],"author":[{"embeddable":true,"href":"http:\/\/osnovnaskolakrk.hr\/vrh\/index.php?rest_route=\/wp\/v2\/users\/1"}],"replies":[{"embeddable":true,"href":"http:\/\/osnovnaskolakrk.hr\/vrh\/index.php?rest_route=%2Fwp%2Fv2%2Fcomments&post=3366"}],"version-history":[{"count":7,"href":"http:\/\/osnovnaskolakrk.hr\/vrh\/index.php?rest_route=\/wp\/v2\/posts\/3366\/revisions"}],"predecessor-version":[{"id":3380,"href":"http:\/\/osnovnaskolakrk.hr\/vrh\/index.php?rest_route=\/wp\/v2\/posts\/3366\/revisions\/3380"}],"wp:attachment":[{"href":"http:\/\/osnovnaskolakrk.hr\/vrh\/index.php?rest_route=%2Fwp%2Fv2%2Fmedia&parent=3366"}],"wp:term":[{"taxonomy":"category","embeddable":true,"href":"http:\/\/osnovnaskolakrk.hr\/vrh\/index.php?rest_route=%2Fwp%2Fv2%2Fcategories&post=3366"},{"taxonomy":"post_tag","embeddable":true,"href":"http:\/\/osnovnaskolakrk.hr\/vrh\/index.php?rest_route=%2Fwp%2Fv2%2Ftags&post=3366"}],"curies":[{"name":"wp","href":"https:\/\/api.w.org\/{rel}","templated":true}]}}