{"id":3383,"date":"2019-07-12T13:48:34","date_gmt":"2019-07-12T13:48:34","guid":{"rendered":"http:\/\/osnovnaskolakrk.hr\/vrh\/?p=3383"},"modified":"2019-07-12T13:48:34","modified_gmt":"2019-07-12T13:48:34","slug":"katalog-udzbenika-i-radnih-materijala-ps-vrh-2019-2020","status":"publish","type":"post","link":"http:\/\/osnovnaskolakrk.hr\/vrh\/?p=3383","title":{"rendered":"Katalog ud\u017ebenika i radnih materijala &#8211; P\u0160 VRH 2019.\/2020."},"content":{"rendered":"\n<p>U\u010denici \u0107e na ra\u010dun ministarstva dobiti samo ud\u017ebenike, <strong>radne bilje\u017enice, zbirke zadataka i atlase<\/strong> (povijesni i geografski) nabavljati \u0107e se ovisno Gradu\/Op\u0107ini kojoj pripada \u0161kola. <\/p>\n\n\n\n<p>Stoga molimo roditelje da prate mre\u017ene stranice P\u0160 VRH i ev. stranice Grada Krka<\/p>\n\n\n\n<div class=\"wp-block-file\"><a href=\"http:\/\/osnovnaskolakrk.hr\/vrh\/wp-content\/uploads\/KATALOG-UD\u017dBENIKA-I-RADNIH-MATERIJALA-P\u0160-VRH.pdf\">KATALOG UD\u017dBENIKA I RADNIH MATERIJALA_VRH_2019.\/2020. <\/a><a href=\"http:\/\/osnovnaskolakrk.hr\/vrh\/wp-content\/uploads\/KATALOG-UD\u017dBENIKA-I-RADNIH-MATERIJALA-P\u0160-VRH.pdf\" class=\"wp-block-file__button\" download>Preuzmi<\/a><\/div>\n","protected":false},"excerpt":{"rendered":"<p>U\u010denici \u0107e na ra\u010dun ministarstva dobiti samo ud\u017ebenike, radne bilje\u017enice, zbirke zadataka i atlase (povijesni i geografski) nabavljati \u0107e se ovisno Gradu\/Op\u0107ini kojoj pripada \u0161kola. Stoga molimo roditelje da prate mre\u017ene stranice P\u0160 VRH i ev. stranice Grada Krka<\/p>\n","protected":false},"author":1,"featured_media":0,"comment_status":"open","ping_status":"open","sticky":false,"template":"","format":"standard","meta":[],"categories":[1],"tags":[],"_links":{"self":[{"href":"http:\/\/osnovnaskolakrk.hr\/vrh\/index.php?rest_route=\/wp\/v2\/posts\/3383"}],"collection":[{"href":"http:\/\/osnovnaskolakrk.hr\/vrh\/index.php?rest_route=\/wp\/v2\/posts"}],"about":[{"href":"http:\/\/osnovnaskolakrk.hr\/vrh\/index.php?rest_route=\/wp\/v2\/types\/post"}],"author":[{"embeddable":true,"href":"http:\/\/osnovnaskolakrk.hr\/vrh\/index.php?rest_route=\/wp\/v2\/users\/1"}],"replies":[{"embeddable":true,"href":"http:\/\/osnovnaskolakrk.hr\/vrh\/index.php?rest_route=%2Fwp%2Fv2%2Fcomments&post=3383"}],"version-history":[{"count":2,"href":"http:\/\/osnovnaskolakrk.hr\/vrh\/index.php?rest_route=\/wp\/v2\/posts\/3383\/revisions"}],"predecessor-version":[{"id":3386,"href":"http:\/\/osnovnaskolakrk.hr\/vrh\/index.php?rest_route=\/wp\/v2\/posts\/3383\/revisions\/3386"}],"wp:attachment":[{"href":"http:\/\/osnovnaskolakrk.hr\/vrh\/index.php?rest_route=%2Fwp%2Fv2%2Fmedia&parent=3383"}],"wp:term":[{"taxonomy":"category","embeddable":true,"href":"http:\/\/osnovnaskolakrk.hr\/vrh\/index.php?rest_route=%2Fwp%2Fv2%2Fcategories&post=3383"},{"taxonomy":"post_tag","embeddable":true,"href":"http:\/\/osnovnaskolakrk.hr\/vrh\/index.php?rest_route=%2Fwp%2Fv2%2Ftags&post=3383"}],"curies":[{"name":"wp","href":"https:\/\/api.w.org\/{rel}","templated":true}]}}