{"id":3389,"date":"2019-09-19T09:18:55","date_gmt":"2019-09-19T09:18:55","guid":{"rendered":"http:\/\/osnovnaskolakrk.hr\/vrh\/?p=3389"},"modified":"2019-09-20T09:23:29","modified_gmt":"2019-09-20T09:23:29","slug":"ekskurzija-osmasa-u-srednju-dalmaciju","status":"publish","type":"post","link":"http:\/\/osnovnaskolakrk.hr\/vrh\/?p=3389","title":{"rendered":"Ekskurzija osma\u0161a u Srednju Dalmaciju"},"content":{"rendered":"\n<p>U utorak , 10. rujna 2019., u pratnji u\u010diteljice Mirele Sparo\u017ei\u0107 krenuli smo na \u010detverodnevnu ekskurziju u Srednju Dalmaciju. S nama su i\u0161li i osma\u0161i iz Ba\u0161ke i Vrbnika. <\/p>\n\n\n\n<div class=\"wp-block-image\"><figure class=\"alignleft\"><img loading=\"lazy\" width=\"200\" height=\"261\" src=\"http:\/\/osnovnaskolakrk.hr\/vrh\/wp-content\/uploads\/IMG-d00e30ff1b2752c7c000ef99d15627cc-V-1-e1568890940737.jpg\" alt=\"\" class=\"wp-image-3421\"\/><\/figure><\/div>\n\n\n\n<p>Iz\nVrha smo krenuli oko 7 sati. Vozili smo se Jadranskom magistralom do Senja ,\ngdje smo imali kratku pauzu , te smo nastavili dalje autocestom do Zadra \u2013\npovijesnog grada s bogatom pro\u0161lo\u0161\u0107u. Razgledali smo Zadar u pratnji vodi\u010da :\ncrkva sv. Marije, sv. Kr\u0161evana, sv. Donata, Morske orgulje, Pozdrav Suncu i\nkatedrala sv. Sto\u0161ije koju smo razgledali i iznutra. Nakon razgleda grada Zadra\nimali smo slobodno vrijeme. Nakon obilaska grada Zadra oko 14 sati slijedio je\nru\u010dak te odlazak u park prirode Vransko jezero. Pro\u0161etali smo pou\u010dnom stazom do\nvidikovca Kamenjak gdje se pru\u017ea prekrasan pogled na NP Kornati. Slijedio je\nsmje\u0161taj u hotel Imperial park Vodice te ve\u010dera. Zatim smo imali slobodno\nvrijeme i no\u0107enje.<\/p>\n\n\n\n<!--more-->\n\n\n\n<p>Drugi\ndan, 11. rujna, bio je posve\u0107en razgledu NP Krka i Sokolarskom centru. U 7 sati\nkrenuli smo prema Nacionalnom parku Krka. Razgledali smo vodenicu i jedan mali\ndio slapova te smo krenuli prema brodi\u0107u za Visovac. Na oto\u010di\u0107u smo razgledali\nfranjeva\u010dki samostan, crkvu i muzej te smo brodom krenuli nazad prema\nslapovima. Razgledali smo Skradinski buk te ostale slapove. Imali smo slobodno\nvrijeme nakon kojeg je slijedio ru\u010dak. Nakon ru\u010dka krenuli smo prema\nSokolarskom centru smje\u0161tenom u borovoj \u0161umi \u0161ibenske Dubrave gdje smo se\nupoznali sa \u017eivotom nebeskih lovaca \u2013 sokolova. Krenuli smo prema hotelu gdje\nsmo ve\u010derali te oti\u0161li u razgled Vodica. Pro\u0161etali smo rivom do trga, imali smo\nslobodno vrijeme te se vratili u hotel na no\u0107enje.<\/p>\n\n\n\n<p>Nakon\ndoru\u010dka odlazak prema Sinju oko 7 sati. Po dolasku u Sinj odlazak u muzej\nSinjske alke gdje smo slu\u0161ali o pravilima i bodovanju Sinjske alke te o njenom\nnastanku i povijesti. Nakon razgleda muzeja <\/p>\n\n\n\n<p>posjetili\nsmo crkvu \u010cudotvorne Gospe Sinjske u kojoj se nalazi slika Gospe sa zlatnom\nkrunom. Legenda ka\u017ee i da je njenim \u010dudotvornim utjecajem Sinj 1715. zauvijek\noslobo\u0111en turske vlasti. Nakon razgleda Sinja uputili smo se prema Splitu.\nNakon posjeta HNK Hajduk razgledali smo Split u pratnji lokalnog vodi\u010da :\nDioklecijanova pala\u010da ; Zlatna vrata, Srebrna, \u017deljezna i najrasko\u0161nija\nBron\u010dana vrata. Ju\u017eni dio pala\u010de zauzimale su careve dvorane. Razgledali smo\nsplitsku katedralu, te smo posjetili kip Grgura Ninskog ( naravno protrljali\nsmo njegov palac za sre\u0107u ). Nakon razgledavanja imali smo slobodno vrijeme te\nkrenuli na ru\u010dak oko 14 sati. Nakon ru\u010dka krenuli smo prema Trogiru gdje smo\nposijetili povijesnu jezgru Trogira sa gradskim zidinama i vratima, utvrdu\nKamerlengo, gradski trg, toranj sa satom i trogirsku katedralu. Najljep\u0161i dio\ntrogirske katedrale je portal majstora Radovana. Razgledali smo je i iznutra.\nNakon razgleda Trogira krenuli smo prema hotelu na ve\u010deru. Imali smo slobodno\nvrijeme te no\u0107enje.<\/p>\n\n\n\n<p>Nakon\ndoru\u010dka odjavili smo se iz soba i oko 10 satismo krenuli prema \u0160ibeniku.\nRazgledali smo \u0161ibensku katedralu sv. Jakova, posebno djelo kipara Jurja\nDalmatinca. Razgledali smo i krstionicu koja je ukra\u0161ena reljefima poput \u010dipke.\nRazgled grada ,slobodno vrijeme te odlazak na ru\u010dak. Nakon ru\u010dka krenuli smo\nprema Kninu u posjet Kninskoj tvr\u0111avi gdje smo se penjali sve do vrha gdje se\nnalazi kip Franje Tu\u0111mana. Spustili smo se do autobusa i krenuli u pravcu Krka,\na u Vrh smo stigli oko 21.30.<\/p>\n\n\n\n<p>Ova\nekskurzija omogu\u0107ila nam je upoznavanje i Srednjega dijela Jadranske obale.<\/p>\n\n\n\n<p>Marina Cveli\u0107, 8.r.<\/p>\n\n\n\n<ul class=\"wp-container-2 wp-block-gallery-1 wp-block-gallery columns-2 is-cropped\"><li class=\"blocks-gallery-item\"><figure><img loading=\"lazy\" width=\"1280\" height=\"960\" src=\"http:\/\/osnovnaskolakrk.hr\/vrh\/wp-content\/uploads\/IMG-01f9e74928915082475b136d4e6f685c-V.jpg\" alt=\"\" data-id=\"3390\" data-link=\"http:\/\/osnovnaskolakrk.hr\/vrh\/?attachment_id=3390\" class=\"wp-image-3390\" srcset=\"http:\/\/osnovnaskolakrk.hr\/vrh\/wp-content\/uploads\/IMG-01f9e74928915082475b136d4e6f685c-V.jpg 1280w, http:\/\/osnovnaskolakrk.hr\/vrh\/wp-content\/uploads\/IMG-01f9e74928915082475b136d4e6f685c-V-768x576.jpg 768w, http:\/\/osnovnaskolakrk.hr\/vrh\/wp-content\/uploads\/IMG-01f9e74928915082475b136d4e6f685c-V-624x468.jpg 624w\" sizes=\"(max-width: 1280px) 100vw, 1280px\" \/><\/figure><\/li><li class=\"blocks-gallery-item\"><figure><img loading=\"lazy\" width=\"1280\" height=\"960\" src=\"http:\/\/osnovnaskolakrk.hr\/vrh\/wp-content\/uploads\/IMG-2c0e3225cf76efc704a6533980546beb-V.jpg\" alt=\"\" data-id=\"3391\" data-link=\"http:\/\/osnovnaskolakrk.hr\/vrh\/?attachment_id=3391\" class=\"wp-image-3391\" srcset=\"http:\/\/osnovnaskolakrk.hr\/vrh\/wp-content\/uploads\/IMG-2c0e3225cf76efc704a6533980546beb-V.jpg 1280w, http:\/\/osnovnaskolakrk.hr\/vrh\/wp-content\/uploads\/IMG-2c0e3225cf76efc704a6533980546beb-V-768x576.jpg 768w, http:\/\/osnovnaskolakrk.hr\/vrh\/wp-content\/uploads\/IMG-2c0e3225cf76efc704a6533980546beb-V-624x468.jpg 624w\" sizes=\"(max-width: 1280px) 100vw, 1280px\" \/><\/figure><\/li><li class=\"blocks-gallery-item\"><figure><img loading=\"lazy\" width=\"720\" height=\"1280\" src=\"http:\/\/osnovnaskolakrk.hr\/vrh\/wp-content\/uploads\/IMG-2f7576d3ed9e54ead30bb6cfd5c2d9fd-V.jpg\" alt=\"\" data-id=\"3392\" data-link=\"http:\/\/osnovnaskolakrk.hr\/vrh\/?attachment_id=3392\" class=\"wp-image-3392\" srcset=\"http:\/\/osnovnaskolakrk.hr\/vrh\/wp-content\/uploads\/IMG-2f7576d3ed9e54ead30bb6cfd5c2d9fd-V.jpg 720w, http:\/\/osnovnaskolakrk.hr\/vrh\/wp-content\/uploads\/IMG-2f7576d3ed9e54ead30bb6cfd5c2d9fd-V-624x1109.jpg 624w\" sizes=\"(max-width: 720px) 100vw, 720px\" \/><\/figure><\/li><li class=\"blocks-gallery-item\"><figure><img loading=\"lazy\" width=\"1280\" height=\"720\" src=\"http:\/\/osnovnaskolakrk.hr\/vrh\/wp-content\/uploads\/IMG-2f34290145b5425c6c9f7b7713c4d489-V.jpg\" alt=\"\" data-id=\"3393\" data-link=\"http:\/\/osnovnaskolakrk.hr\/vrh\/?attachment_id=3393\" class=\"wp-image-3393\" srcset=\"http:\/\/osnovnaskolakrk.hr\/vrh\/wp-content\/uploads\/IMG-2f34290145b5425c6c9f7b7713c4d489-V.jpg 1280w, http:\/\/osnovnaskolakrk.hr\/vrh\/wp-content\/uploads\/IMG-2f34290145b5425c6c9f7b7713c4d489-V-768x432.jpg 768w, http:\/\/osnovnaskolakrk.hr\/vrh\/wp-content\/uploads\/IMG-2f34290145b5425c6c9f7b7713c4d489-V-624x351.jpg 624w\" sizes=\"(max-width: 1280px) 100vw, 1280px\" \/><\/figure><\/li><li class=\"blocks-gallery-item\"><figure><img loading=\"lazy\" width=\"1280\" height=\"720\" src=\"http:\/\/osnovnaskolakrk.hr\/vrh\/wp-content\/uploads\/IMG-3e8ecca9ab0f679c427aa917e0e0ed3e-V.jpg\" alt=\"\" data-id=\"3394\" data-link=\"http:\/\/osnovnaskolakrk.hr\/vrh\/?attachment_id=3394\" class=\"wp-image-3394\" srcset=\"http:\/\/osnovnaskolakrk.hr\/vrh\/wp-content\/uploads\/IMG-3e8ecca9ab0f679c427aa917e0e0ed3e-V.jpg 1280w, http:\/\/osnovnaskolakrk.hr\/vrh\/wp-content\/uploads\/IMG-3e8ecca9ab0f679c427aa917e0e0ed3e-V-768x432.jpg 768w, http:\/\/osnovnaskolakrk.hr\/vrh\/wp-content\/uploads\/IMG-3e8ecca9ab0f679c427aa917e0e0ed3e-V-624x351.jpg 624w\" sizes=\"(max-width: 1280px) 100vw, 1280px\" \/><\/figure><\/li><li class=\"blocks-gallery-item\"><figure><img loading=\"lazy\" width=\"720\" height=\"1280\" src=\"http:\/\/osnovnaskolakrk.hr\/vrh\/wp-content\/uploads\/IMG-3e66d94b529abaf2f66d4efe88a525f8-V.jpg\" alt=\"\" data-id=\"3395\" data-link=\"http:\/\/osnovnaskolakrk.hr\/vrh\/?attachment_id=3395\" class=\"wp-image-3395\" srcset=\"http:\/\/osnovnaskolakrk.hr\/vrh\/wp-content\/uploads\/IMG-3e66d94b529abaf2f66d4efe88a525f8-V.jpg 720w, http:\/\/osnovnaskolakrk.hr\/vrh\/wp-content\/uploads\/IMG-3e66d94b529abaf2f66d4efe88a525f8-V-624x1109.jpg 624w\" sizes=\"(max-width: 720px) 100vw, 720px\" \/><\/figure><\/li><li class=\"blocks-gallery-item\"><figure><img loading=\"lazy\" width=\"720\" height=\"1280\" src=\"http:\/\/osnovnaskolakrk.hr\/vrh\/wp-content\/uploads\/IMG-4e4ed2da1fabcdb81427d4ec5ca39205-V.jpg\" alt=\"\" data-id=\"3396\" data-link=\"http:\/\/osnovnaskolakrk.hr\/vrh\/?attachment_id=3396\" class=\"wp-image-3396\" srcset=\"http:\/\/osnovnaskolakrk.hr\/vrh\/wp-content\/uploads\/IMG-4e4ed2da1fabcdb81427d4ec5ca39205-V.jpg 720w, http:\/\/osnovnaskolakrk.hr\/vrh\/wp-content\/uploads\/IMG-4e4ed2da1fabcdb81427d4ec5ca39205-V-624x1109.jpg 624w\" sizes=\"(max-width: 720px) 100vw, 720px\" \/><\/figure><\/li><li class=\"blocks-gallery-item\"><figure><img loading=\"lazy\" width=\"720\" height=\"1280\" src=\"http:\/\/osnovnaskolakrk.hr\/vrh\/wp-content\/uploads\/IMG-61e68013fc8e16db3b0a5e5f45e11bd4-V.jpg\" alt=\"\" data-id=\"3397\" data-link=\"http:\/\/osnovnaskolakrk.hr\/vrh\/?attachment_id=3397\" class=\"wp-image-3397\" srcset=\"http:\/\/osnovnaskolakrk.hr\/vrh\/wp-content\/uploads\/IMG-61e68013fc8e16db3b0a5e5f45e11bd4-V.jpg 720w, http:\/\/osnovnaskolakrk.hr\/vrh\/wp-content\/uploads\/IMG-61e68013fc8e16db3b0a5e5f45e11bd4-V-624x1109.jpg 624w\" sizes=\"(max-width: 720px) 100vw, 720px\" \/><\/figure><\/li><li class=\"blocks-gallery-item\"><figure><img loading=\"lazy\" width=\"1280\" height=\"720\" src=\"http:\/\/osnovnaskolakrk.hr\/vrh\/wp-content\/uploads\/IMG-77ac191831ae3de356ce11d9784d20c2-V.jpg\" alt=\"\" data-id=\"3398\" data-link=\"http:\/\/osnovnaskolakrk.hr\/vrh\/?attachment_id=3398\" class=\"wp-image-3398\" srcset=\"http:\/\/osnovnaskolakrk.hr\/vrh\/wp-content\/uploads\/IMG-77ac191831ae3de356ce11d9784d20c2-V.jpg 1280w, http:\/\/osnovnaskolakrk.hr\/vrh\/wp-content\/uploads\/IMG-77ac191831ae3de356ce11d9784d20c2-V-768x432.jpg 768w, http:\/\/osnovnaskolakrk.hr\/vrh\/wp-content\/uploads\/IMG-77ac191831ae3de356ce11d9784d20c2-V-624x351.jpg 624w\" sizes=\"(max-width: 1280px) 100vw, 1280px\" \/><\/figure><\/li><li class=\"blocks-gallery-item\"><figure><img loading=\"lazy\" width=\"720\" height=\"1280\" src=\"http:\/\/osnovnaskolakrk.hr\/vrh\/wp-content\/uploads\/IMG-88e4268a01514f4eb1e5cccbb738cdfb-V.jpg\" alt=\"\" data-id=\"3399\" data-link=\"http:\/\/osnovnaskolakrk.hr\/vrh\/?attachment_id=3399\" class=\"wp-image-3399\" srcset=\"http:\/\/osnovnaskolakrk.hr\/vrh\/wp-content\/uploads\/IMG-88e4268a01514f4eb1e5cccbb738cdfb-V.jpg 720w, http:\/\/osnovnaskolakrk.hr\/vrh\/wp-content\/uploads\/IMG-88e4268a01514f4eb1e5cccbb738cdfb-V-624x1109.jpg 624w\" sizes=\"(max-width: 720px) 100vw, 720px\" \/><\/figure><\/li><li class=\"blocks-gallery-item\"><figure><img loading=\"lazy\" width=\"720\" height=\"1280\" src=\"http:\/\/osnovnaskolakrk.hr\/vrh\/wp-content\/uploads\/IMG-391cfb4b069e062a32f75b99383af100-V.jpg\" alt=\"\" data-id=\"3400\" data-link=\"http:\/\/osnovnaskolakrk.hr\/vrh\/?attachment_id=3400\" class=\"wp-image-3400\" srcset=\"http:\/\/osnovnaskolakrk.hr\/vrh\/wp-content\/uploads\/IMG-391cfb4b069e062a32f75b99383af100-V.jpg 720w, http:\/\/osnovnaskolakrk.hr\/vrh\/wp-content\/uploads\/IMG-391cfb4b069e062a32f75b99383af100-V-624x1109.jpg 624w\" sizes=\"(max-width: 720px) 100vw, 720px\" \/><\/figure><\/li><li class=\"blocks-gallery-item\"><figure><img loading=\"lazy\" width=\"1280\" height=\"720\" src=\"http:\/\/osnovnaskolakrk.hr\/vrh\/wp-content\/uploads\/IMG-464d51502d2ffc141b4dc2d915d0e2cb-V.jpg\" alt=\"\" data-id=\"3401\" data-link=\"http:\/\/osnovnaskolakrk.hr\/vrh\/?attachment_id=3401\" class=\"wp-image-3401\" srcset=\"http:\/\/osnovnaskolakrk.hr\/vrh\/wp-content\/uploads\/IMG-464d51502d2ffc141b4dc2d915d0e2cb-V.jpg 1280w, http:\/\/osnovnaskolakrk.hr\/vrh\/wp-content\/uploads\/IMG-464d51502d2ffc141b4dc2d915d0e2cb-V-768x432.jpg 768w, http:\/\/osnovnaskolakrk.hr\/vrh\/wp-content\/uploads\/IMG-464d51502d2ffc141b4dc2d915d0e2cb-V-624x351.jpg 624w\" sizes=\"(max-width: 1280px) 100vw, 1280px\" \/><\/figure><\/li><li class=\"blocks-gallery-item\"><figure><img loading=\"lazy\" width=\"720\" height=\"1280\" src=\"http:\/\/osnovnaskolakrk.hr\/vrh\/wp-content\/uploads\/IMG-1926ab8d4403c6c57b77fae201e90d81-V.jpg\" alt=\"\" data-id=\"3402\" data-link=\"http:\/\/osnovnaskolakrk.hr\/vrh\/?attachment_id=3402\" class=\"wp-image-3402\" srcset=\"http:\/\/osnovnaskolakrk.hr\/vrh\/wp-content\/uploads\/IMG-1926ab8d4403c6c57b77fae201e90d81-V.jpg 720w, http:\/\/osnovnaskolakrk.hr\/vrh\/wp-content\/uploads\/IMG-1926ab8d4403c6c57b77fae201e90d81-V-624x1109.jpg 624w\" sizes=\"(max-width: 720px) 100vw, 720px\" \/><\/figure><\/li><li class=\"blocks-gallery-item\"><figure><img loading=\"lazy\" width=\"1280\" height=\"720\" src=\"http:\/\/osnovnaskolakrk.hr\/vrh\/wp-content\/uploads\/IMG-3893e9b781c9ef25b5c4d389f1b999a3-V.jpg\" alt=\"\" data-id=\"3403\" data-link=\"http:\/\/osnovnaskolakrk.hr\/vrh\/?attachment_id=3403\" class=\"wp-image-3403\" srcset=\"http:\/\/osnovnaskolakrk.hr\/vrh\/wp-content\/uploads\/IMG-3893e9b781c9ef25b5c4d389f1b999a3-V.jpg 1280w, http:\/\/osnovnaskolakrk.hr\/vrh\/wp-content\/uploads\/IMG-3893e9b781c9ef25b5c4d389f1b999a3-V-768x432.jpg 768w, http:\/\/osnovnaskolakrk.hr\/vrh\/wp-content\/uploads\/IMG-3893e9b781c9ef25b5c4d389f1b999a3-V-624x351.jpg 624w\" sizes=\"(max-width: 1280px) 100vw, 1280px\" \/><\/figure><\/li><li class=\"blocks-gallery-item\"><figure><img loading=\"lazy\" width=\"720\" height=\"1280\" src=\"http:\/\/osnovnaskolakrk.hr\/vrh\/wp-content\/uploads\/IMG-4691a85ae54337cdf9bf53c918cb1c7d-V.jpg\" alt=\"\" data-id=\"3404\" data-link=\"http:\/\/osnovnaskolakrk.hr\/vrh\/?attachment_id=3404\" class=\"wp-image-3404\" srcset=\"http:\/\/osnovnaskolakrk.hr\/vrh\/wp-content\/uploads\/IMG-4691a85ae54337cdf9bf53c918cb1c7d-V.jpg 720w, http:\/\/osnovnaskolakrk.hr\/vrh\/wp-content\/uploads\/IMG-4691a85ae54337cdf9bf53c918cb1c7d-V-624x1109.jpg 624w\" sizes=\"(max-width: 720px) 100vw, 720px\" \/><\/figure><\/li><li class=\"blocks-gallery-item\"><figure><img loading=\"lazy\" width=\"750\" height=\"562\" src=\"http:\/\/osnovnaskolakrk.hr\/vrh\/wp-content\/uploads\/IMG-20190914-WA0000.jpg\" alt=\"\" data-id=\"3405\" data-link=\"http:\/\/osnovnaskolakrk.hr\/vrh\/?attachment_id=3405\" class=\"wp-image-3405\" srcset=\"http:\/\/osnovnaskolakrk.hr\/vrh\/wp-content\/uploads\/IMG-20190914-WA0000.jpg 750w, http:\/\/osnovnaskolakrk.hr\/vrh\/wp-content\/uploads\/IMG-20190914-WA0000-624x468.jpg 624w\" sizes=\"(max-width: 750px) 100vw, 750px\" \/><\/figure><\/li><li class=\"blocks-gallery-item\"><figure><img loading=\"lazy\" width=\"750\" height=\"562\" src=\"http:\/\/osnovnaskolakrk.hr\/vrh\/wp-content\/uploads\/IMG-20190914-WA0000_1.jpg\" alt=\"\" data-id=\"3406\" data-link=\"http:\/\/osnovnaskolakrk.hr\/vrh\/?attachment_id=3406\" class=\"wp-image-3406\" srcset=\"http:\/\/osnovnaskolakrk.hr\/vrh\/wp-content\/uploads\/IMG-20190914-WA0000_1.jpg 750w, http:\/\/osnovnaskolakrk.hr\/vrh\/wp-content\/uploads\/IMG-20190914-WA0000_1-624x468.jpg 624w\" sizes=\"(max-width: 750px) 100vw, 750px\" \/><\/figure><\/li><li class=\"blocks-gallery-item\"><figure><img loading=\"lazy\" width=\"750\" height=\"562\" src=\"http:\/\/osnovnaskolakrk.hr\/vrh\/wp-content\/uploads\/IMG-20190914-WA0001.jpg\" alt=\"\" data-id=\"3407\" data-link=\"http:\/\/osnovnaskolakrk.hr\/vrh\/?attachment_id=3407\" class=\"wp-image-3407\" srcset=\"http:\/\/osnovnaskolakrk.hr\/vrh\/wp-content\/uploads\/IMG-20190914-WA0001.jpg 750w, http:\/\/osnovnaskolakrk.hr\/vrh\/wp-content\/uploads\/IMG-20190914-WA0001-624x468.jpg 624w\" sizes=\"(max-width: 750px) 100vw, 750px\" \/><\/figure><\/li><li class=\"blocks-gallery-item\"><figure><img loading=\"lazy\" width=\"750\" height=\"562\" src=\"http:\/\/osnovnaskolakrk.hr\/vrh\/wp-content\/uploads\/IMG-20190914-WA0002.jpg\" alt=\"\" data-id=\"3408\" data-link=\"http:\/\/osnovnaskolakrk.hr\/vrh\/?attachment_id=3408\" class=\"wp-image-3408\" srcset=\"http:\/\/osnovnaskolakrk.hr\/vrh\/wp-content\/uploads\/IMG-20190914-WA0002.jpg 750w, http:\/\/osnovnaskolakrk.hr\/vrh\/wp-content\/uploads\/IMG-20190914-WA0002-624x468.jpg 624w\" sizes=\"(max-width: 750px) 100vw, 750px\" \/><\/figure><\/li><li class=\"blocks-gallery-item\"><figure><img loading=\"lazy\" width=\"750\" height=\"562\" src=\"http:\/\/osnovnaskolakrk.hr\/vrh\/wp-content\/uploads\/IMG-20190914-WA0003.jpg\" alt=\"\" data-id=\"3409\" data-link=\"http:\/\/osnovnaskolakrk.hr\/vrh\/?attachment_id=3409\" class=\"wp-image-3409\" srcset=\"http:\/\/osnovnaskolakrk.hr\/vrh\/wp-content\/uploads\/IMG-20190914-WA0003.jpg 750w, http:\/\/osnovnaskolakrk.hr\/vrh\/wp-content\/uploads\/IMG-20190914-WA0003-624x468.jpg 624w\" sizes=\"(max-width: 750px) 100vw, 750px\" \/><\/figure><\/li><li class=\"blocks-gallery-item\"><figure><img loading=\"lazy\" width=\"720\" height=\"1280\" src=\"http:\/\/osnovnaskolakrk.hr\/vrh\/wp-content\/uploads\/IMG-a546ae05116df4fa49c1a1973038cab8-V.jpg\" alt=\"\" data-id=\"3410\" data-link=\"http:\/\/osnovnaskolakrk.hr\/vrh\/?attachment_id=3410\" class=\"wp-image-3410\" srcset=\"http:\/\/osnovnaskolakrk.hr\/vrh\/wp-content\/uploads\/IMG-a546ae05116df4fa49c1a1973038cab8-V.jpg 720w, http:\/\/osnovnaskolakrk.hr\/vrh\/wp-content\/uploads\/IMG-a546ae05116df4fa49c1a1973038cab8-V-624x1109.jpg 624w\" sizes=\"(max-width: 720px) 100vw, 720px\" \/><\/figure><\/li><li class=\"blocks-gallery-item\"><figure><img loading=\"lazy\" width=\"1280\" height=\"720\" src=\"http:\/\/osnovnaskolakrk.hr\/vrh\/wp-content\/uploads\/IMG-c53bd5404bf7d6bc5c1ec79795bc17ee-V.jpg\" alt=\"\" data-id=\"3411\" data-link=\"http:\/\/osnovnaskolakrk.hr\/vrh\/?attachment_id=3411\" class=\"wp-image-3411\" srcset=\"http:\/\/osnovnaskolakrk.hr\/vrh\/wp-content\/uploads\/IMG-c53bd5404bf7d6bc5c1ec79795bc17ee-V.jpg 1280w, http:\/\/osnovnaskolakrk.hr\/vrh\/wp-content\/uploads\/IMG-c53bd5404bf7d6bc5c1ec79795bc17ee-V-768x432.jpg 768w, http:\/\/osnovnaskolakrk.hr\/vrh\/wp-content\/uploads\/IMG-c53bd5404bf7d6bc5c1ec79795bc17ee-V-624x351.jpg 624w\" sizes=\"(max-width: 1280px) 100vw, 1280px\" \/><\/figure><\/li><li class=\"blocks-gallery-item\"><figure><img loading=\"lazy\" width=\"720\" height=\"1280\" src=\"http:\/\/osnovnaskolakrk.hr\/vrh\/wp-content\/uploads\/IMG-cf581f4db41f1642fa9d441bc7c32b15-V.jpg\" alt=\"\" data-id=\"3412\" data-link=\"http:\/\/osnovnaskolakrk.hr\/vrh\/?attachment_id=3412\" class=\"wp-image-3412\" srcset=\"http:\/\/osnovnaskolakrk.hr\/vrh\/wp-content\/uploads\/IMG-cf581f4db41f1642fa9d441bc7c32b15-V.jpg 720w, http:\/\/osnovnaskolakrk.hr\/vrh\/wp-content\/uploads\/IMG-cf581f4db41f1642fa9d441bc7c32b15-V-624x1109.jpg 624w\" sizes=\"(max-width: 720px) 100vw, 720px\" \/><\/figure><\/li><li class=\"blocks-gallery-item\"><figure><img loading=\"lazy\" width=\"720\" height=\"1280\" src=\"http:\/\/osnovnaskolakrk.hr\/vrh\/wp-content\/uploads\/IMG-d00e30ff1b2752c7c000ef99d15627cc-V.jpg\" alt=\"\" data-id=\"3413\" data-link=\"http:\/\/osnovnaskolakrk.hr\/vrh\/?attachment_id=3413\" class=\"wp-image-3413\" srcset=\"http:\/\/osnovnaskolakrk.hr\/vrh\/wp-content\/uploads\/IMG-d00e30ff1b2752c7c000ef99d15627cc-V.jpg 720w, http:\/\/osnovnaskolakrk.hr\/vrh\/wp-content\/uploads\/IMG-d00e30ff1b2752c7c000ef99d15627cc-V-624x1109.jpg 624w\" sizes=\"(max-width: 720px) 100vw, 720px\" \/><\/figure><\/li><li class=\"blocks-gallery-item\"><figure><img loading=\"lazy\" width=\"720\" height=\"1280\" src=\"http:\/\/osnovnaskolakrk.hr\/vrh\/wp-content\/uploads\/IMG-d0d65e41fb6a4fe1b3cd196b5c834420-V.jpg\" alt=\"\" data-id=\"3414\" data-link=\"http:\/\/osnovnaskolakrk.hr\/vrh\/?attachment_id=3414\" class=\"wp-image-3414\" srcset=\"http:\/\/osnovnaskolakrk.hr\/vrh\/wp-content\/uploads\/IMG-d0d65e41fb6a4fe1b3cd196b5c834420-V.jpg 720w, http:\/\/osnovnaskolakrk.hr\/vrh\/wp-content\/uploads\/IMG-d0d65e41fb6a4fe1b3cd196b5c834420-V-624x1109.jpg 624w\" sizes=\"(max-width: 720px) 100vw, 720px\" \/><\/figure><\/li><li class=\"blocks-gallery-item\"><figure><img loading=\"lazy\" width=\"960\" height=\"1280\" src=\"http:\/\/osnovnaskolakrk.hr\/vrh\/wp-content\/uploads\/IMG-e5443c0e086a5bb045d041c02f66e341-V.jpg\" alt=\"\" data-id=\"3415\" data-link=\"http:\/\/osnovnaskolakrk.hr\/vrh\/?attachment_id=3415\" class=\"wp-image-3415\" srcset=\"http:\/\/osnovnaskolakrk.hr\/vrh\/wp-content\/uploads\/IMG-e5443c0e086a5bb045d041c02f66e341-V.jpg 960w, http:\/\/osnovnaskolakrk.hr\/vrh\/wp-content\/uploads\/IMG-e5443c0e086a5bb045d041c02f66e341-V-768x1024.jpg 768w, http:\/\/osnovnaskolakrk.hr\/vrh\/wp-content\/uploads\/IMG-e5443c0e086a5bb045d041c02f66e341-V-624x832.jpg 624w\" sizes=\"(max-width: 960px) 100vw, 960px\" \/><\/figure><\/li><li class=\"blocks-gallery-item\"><figure><img loading=\"lazy\" width=\"720\" height=\"1280\" src=\"http:\/\/osnovnaskolakrk.hr\/vrh\/wp-content\/uploads\/IMG-ea7368efa7424508ecffa3a6ad9fc34a-V.jpg\" alt=\"\" data-id=\"3416\" data-link=\"http:\/\/osnovnaskolakrk.hr\/vrh\/?attachment_id=3416\" class=\"wp-image-3416\" srcset=\"http:\/\/osnovnaskolakrk.hr\/vrh\/wp-content\/uploads\/IMG-ea7368efa7424508ecffa3a6ad9fc34a-V.jpg 720w, http:\/\/osnovnaskolakrk.hr\/vrh\/wp-content\/uploads\/IMG-ea7368efa7424508ecffa3a6ad9fc34a-V-624x1109.jpg 624w\" sizes=\"(max-width: 720px) 100vw, 720px\" \/><\/figure><\/li><li class=\"blocks-gallery-item\"><figure><img loading=\"lazy\" width=\"720\" height=\"1280\" src=\"http:\/\/osnovnaskolakrk.hr\/vrh\/wp-content\/uploads\/IMG-ecbf4d490419f247f289371edbcda1e2-V.jpg\" alt=\"\" data-id=\"3417\" data-link=\"http:\/\/osnovnaskolakrk.hr\/vrh\/?attachment_id=3417\" class=\"wp-image-3417\" srcset=\"http:\/\/osnovnaskolakrk.hr\/vrh\/wp-content\/uploads\/IMG-ecbf4d490419f247f289371edbcda1e2-V.jpg 720w, http:\/\/osnovnaskolakrk.hr\/vrh\/wp-content\/uploads\/IMG-ecbf4d490419f247f289371edbcda1e2-V-624x1109.jpg 624w\" sizes=\"(max-width: 720px) 100vw, 720px\" \/><\/figure><\/li><\/ul>\n","protected":false},"excerpt":{"rendered":"<p>U utorak , 10. rujna 2019., u pratnji u\u010diteljice Mirele Sparo\u017ei\u0107 krenuli smo na \u010detverodnevnu ekskurziju u Srednju Dalmaciju. S nama su i\u0161li i osma\u0161i iz Ba\u0161ke i Vrbnika. Iz Vrha smo krenuli oko 7 sati. Vozili smo se Jadranskom magistralom do Senja , gdje smo imali kratku pauzu , te smo nastavili dalje autocestom [&hellip;]<\/p>\n","protected":false},"author":1,"featured_media":0,"comment_status":"open","ping_status":"open","sticky":false,"template":"","format":"standard","meta":[],"categories":[1],"tags":[],"_links":{"self":[{"href":"http:\/\/osnovnaskolakrk.hr\/vrh\/index.php?rest_route=\/wp\/v2\/posts\/3389"}],"collection":[{"href":"http:\/\/osnovnaskolakrk.hr\/vrh\/index.php?rest_route=\/wp\/v2\/posts"}],"about":[{"href":"http:\/\/osnovnaskolakrk.hr\/vrh\/index.php?rest_route=\/wp\/v2\/types\/post"}],"author":[{"embeddable":true,"href":"http:\/\/osnovnaskolakrk.hr\/vrh\/index.php?rest_route=\/wp\/v2\/users\/1"}],"replies":[{"embeddable":true,"href":"http:\/\/osnovnaskolakrk.hr\/vrh\/index.php?rest_route=%2Fwp%2Fv2%2Fcomments&post=3389"}],"version-history":[{"count":7,"href":"http:\/\/osnovnaskolakrk.hr\/vrh\/index.php?rest_route=\/wp\/v2\/posts\/3389\/revisions"}],"predecessor-version":[{"id":3430,"href":"http:\/\/osnovnaskolakrk.hr\/vrh\/index.php?rest_route=\/wp\/v2\/posts\/3389\/revisions\/3430"}],"wp:attachment":[{"href":"http:\/\/osnovnaskolakrk.hr\/vrh\/index.php?rest_route=%2Fwp%2Fv2%2Fmedia&parent=3389"}],"wp:term":[{"taxonomy":"category","embeddable":true,"href":"http:\/\/osnovnaskolakrk.hr\/vrh\/index.php?rest_route=%2Fwp%2Fv2%2Fcategories&post=3389"},{"taxonomy":"post_tag","embeddable":true,"href":"http:\/\/osnovnaskolakrk.hr\/vrh\/index.php?rest_route=%2Fwp%2Fv2%2Ftags&post=3389"}],"curies":[{"name":"wp","href":"https:\/\/api.w.org\/{rel}","templated":true}]}}